{"id":2039,"date":"2009-09-02T18:10:51","date_gmt":"2009-09-02T17:10:51","guid":{"rendered":"http:\/\/www.ticmais.pt\/?p=2039"},"modified":"2009-09-02T18:10:51","modified_gmt":"2009-09-02T17:10:51","slug":"eleicoes-autarquicas-2009-debates-na-rvs","status":"publish","type":"post","link":"https:\/\/www.ticmais.pt\/?p=2039","title":{"rendered":"Elei\u00e7\u00f5es Aut\u00e1rquicas 2009 &#8211; Debates na RVS"},"content":{"rendered":"<table style=\"width: 100%;\" border=\"0\" cellspacing=\"5\" cellpadding=\"5\" align=\"justify\">\n<tbody>\n<tr>\n<td width=\"160\" valign=\"top\">\n<p align=\"justify\"><img decoding=\"async\" src=\"\/\/www.ticmais.pt\/ticmais\/imagens\/Eleicoes%20Autarquicas%202009%20-%20Debates%20na%20RVS.jpg\" alt=\"\" \/><\/p>\n<\/td>\n<td valign=\"top\">\n<p><strong><span style=\"color: #000000;\">Elei\u00e7\u00f5es Aut\u00e1rquicas 2009<\/span><\/strong><\/p>\n<p><strong><span style=\"color: #800000;\">Calend\u00e1rio de debates na R\u00e1dio Voz do Sorraia:<br class=\"spacer_\" \/><\/span><\/strong><\/p>\n<\/td>\n<\/tr>\n<\/tbody>\n<\/table>\n<p><!--more--><\/p>\n<table style=\"width: 100%;\" border=\"0\" cellspacing=\"5\" cellpadding=\"5\" align=\"justify\">\n<tbody>\n<tr>\n<td valign=\"top\">\n<p>28 SET, 21 h &#8211; <strong>1\u00ba debate<\/strong> com os candidatos \u00e0 <strong>C\u00e2mara Municipal<\/strong>;<br \/>\n29 SET, 21 h &#8211; candidatos \u00e0 Assembleia de Freguesia do <strong>Bisca\u00ednho<\/strong>;<br \/>\n30 SET, 19 h &#8211; candidatos \u00e0 Assembleia de Freguesia de <strong>Erra<\/strong>;<br \/>\n<span style=\"color: #ffffff;\">0<\/span>1 SET, 21 h &#8211; candidatos \u00e0 Assembleia de Freguesia de <strong>Cou\u00e7o<\/strong>;<br \/>\n<span style=\"color: #ffffff;\">0<\/span>2 SET, 21 h &#8211; candidatos \u00e0 Assembleia de Freguesia de <strong>Santana do Mato<\/strong>;<\/p>\n<p><span style=\"color: #ffffff;\">0<\/span>3 OUT, 21 h &#8211; candidatos \u00e0 Assembleia de Freguesia da <strong>Branca<\/strong>;<br \/>\n<span style=\"color: #ffffff;\">0<\/span>5 OUT, 19 h- candidatos \u00e0 Assembleia de Freguesia de <strong>S\u00e3o Jos\u00e9 da Lamarosa<\/strong>;<br \/>\n<span style=\"color: #ffffff;\">0<\/span>5 OUT, 21\u00a0h &#8211; candidatos \u00e0 Assembleia de Freguesia de <strong>Coruche<\/strong>;<br \/>\n<span style=\"color: #ffffff;\">0<\/span>6 OUT, 21 h &#8211; candidatos \u00e0 Assembleia de Freguesia da<strong> Fajarda<\/strong>;<br \/>\n<span style=\"color: #ffffff;\">0<\/span>7 OUT, 21 h &#8211; candidatos \u00e0 <strong>Assembleia Municipal<\/strong>;<br \/>\n<span style=\"color: #ffffff;\">0<\/span>8 OUT, 21 h &#8211; <strong>2\u00ba debate<\/strong> com candidatos \u00e0 <strong>C\u00e2mara Municipal<\/strong>.<\/p>\n<\/td>\n<\/tr>\n<\/tbody>\n<\/table>\n","protected":false},"excerpt":{"rendered":"<p>Elei\u00e7\u00f5es Aut\u00e1rquicas 2009 Calend\u00e1rio de debates na R\u00e1dio Voz do Sorraia:<\/p>\n","protected":false},"author":1,"featured_media":0,"comment_status":"closed","ping_status":"closed","sticky":false,"template":"","format":"standard","meta":{"footnotes":""},"categories":[15],"tags":[178,410,188,13,411],"class_list":["post-2039","post","type-post","status-publish","format-standard","hentry","category-tic-mais","tag-autarquias","tag-debate","tag-eleicoes","tag-poder-local","tag-rvs"],"_links":{"self":[{"href":"https:\/\/www.ticmais.pt\/index.php?rest_route=\/wp\/v2\/posts\/2039","targetHints":{"allow":["GET"]}}],"collection":[{"href":"https:\/\/www.ticmais.pt\/index.php?rest_route=\/wp\/v2\/posts"}],"about":[{"href":"https:\/\/www.ticmais.pt\/index.php?rest_route=\/wp\/v2\/types\/post"}],"author":[{"embeddable":true,"href":"https:\/\/www.ticmais.pt\/index.php?rest_route=\/wp\/v2\/users\/1"}],"replies":[{"embeddable":true,"href":"https:\/\/www.ticmais.pt\/index.php?rest_route=%2Fwp%2Fv2%2Fcomments&post=2039"}],"version-history":[{"count":0,"href":"https:\/\/www.ticmais.pt\/index.php?rest_route=\/wp\/v2\/posts\/2039\/revisions"}],"wp:attachment":[{"href":"https:\/\/www.ticmais.pt\/index.php?rest_route=%2Fwp%2Fv2%2Fmedia&parent=2039"}],"wp:term":[{"taxonomy":"category","embeddable":true,"href":"https:\/\/www.ticmais.pt\/index.php?rest_route=%2Fwp%2Fv2%2Fcategories&post=2039"},{"taxonomy":"post_tag","embeddable":true,"href":"https:\/\/www.ticmais.pt\/index.php?rest_route=%2Fwp%2Fv2%2Ftags&post=2039"}],"curies":[{"name":"wp","href":"https:\/\/api.w.org\/{rel}","templated":true}]}}