{"id":2041,"date":"2009-10-05T01:50:35","date_gmt":"2009-10-05T00:50:35","guid":{"rendered":"http:\/\/www.ticmais.pt\/?p=2041"},"modified":"2009-10-05T01:50:35","modified_gmt":"2009-10-05T00:50:35","slug":"como-colocar-um-projector-dentro-de-uma-camara-digital","status":"publish","type":"post","link":"https:\/\/www.ticmais.pt\/?p=2041","title":{"rendered":"Como colocar um projector dentro de uma c\u00e2mara digital"},"content":{"rendered":"<table style=\"width: 100%;\" border=\"0\" cellspacing=\"5\" cellpadding=\"5\" align=\"justify\">\n<tbody>\n<tr>\n<td width=\"160\" valign=\"top\">\n<p align=\"justify\"><img decoding=\"async\" src=\"\/\/www.ticmais.pt\/ticmais\/imagens\/Como%20colocar%20um%20projector%20dentro%20de%20uma%20camara%20digital.jpg\" alt=\"\" \/><\/p>\n<\/td>\n<td valign=\"top\">\n<p style=\"text-align: justify;\">A c\u00e2mara com projector Nikon S1000pj \u00e9 obviamente o resultado de algum sonho maluco de um engenheiro japon\u00eas, mas transform\u00e1-lo em realidade n\u00e3o foi um feito qualquer \u2013 exigiu que a Nikon projectasse e montasse um sistema de projector completamente novo. <a href=\"http:\/\/www.gizmodo.com.br\/conteudo\/como-colocar-um-projetor-dentro-de-uma-camera-digital\" target=\"_blank\">Mais\u2026<\/a><\/p>\n<\/td>\n<\/tr>\n<\/tbody>\n<\/table>\n<p><br class=\"spacer_\" \/><\/p>\n","protected":false},"excerpt":{"rendered":"<p>A c\u00e2mara com projector Nikon S1000pj \u00e9 obviamente o resultado de algum sonho maluco de um engenheiro japon\u00eas, mas transform\u00e1-lo em realidade n\u00e3o foi um feito qualquer \u2013 exigiu que a Nikon projectasse e montasse um sistema de projector completamente novo. Mais\u2026<\/p>\n","protected":false},"author":1,"featured_media":0,"comment_status":"closed","ping_status":"closed","sticky":false,"template":"","format":"standard","meta":{"footnotes":""},"categories":[15],"tags":[446,447,126,28],"class_list":["post-2041","post","type-post","status-publish","format-standard","hentry","category-tic-mais","tag-camaras-digitais","tag-fotografia","tag-imagem","tag-tecnologia"],"_links":{"self":[{"href":"https:\/\/www.ticmais.pt\/index.php?rest_route=\/wp\/v2\/posts\/2041","targetHints":{"allow":["GET"]}}],"collection":[{"href":"https:\/\/www.ticmais.pt\/index.php?rest_route=\/wp\/v2\/posts"}],"about":[{"href":"https:\/\/www.ticmais.pt\/index.php?rest_route=\/wp\/v2\/types\/post"}],"author":[{"embeddable":true,"href":"https:\/\/www.ticmais.pt\/index.php?rest_route=\/wp\/v2\/users\/1"}],"replies":[{"embeddable":true,"href":"https:\/\/www.ticmais.pt\/index.php?rest_route=%2Fwp%2Fv2%2Fcomments&post=2041"}],"version-history":[{"count":0,"href":"https:\/\/www.ticmais.pt\/index.php?rest_route=\/wp\/v2\/posts\/2041\/revisions"}],"wp:attachment":[{"href":"https:\/\/www.ticmais.pt\/index.php?rest_route=%2Fwp%2Fv2%2Fmedia&parent=2041"}],"wp:term":[{"taxonomy":"category","embeddable":true,"href":"https:\/\/www.ticmais.pt\/index.php?rest_route=%2Fwp%2Fv2%2Fcategories&post=2041"},{"taxonomy":"post_tag","embeddable":true,"href":"https:\/\/www.ticmais.pt\/index.php?rest_route=%2Fwp%2Fv2%2Ftags&post=2041"}],"curies":[{"name":"wp","href":"https:\/\/api.w.org\/{rel}","templated":true}]}}