{"id":2044,"date":"2009-10-06T16:41:50","date_gmt":"2009-10-06T15:41:50","guid":{"rendered":"http:\/\/www.ticmais.pt\/?p=2044"},"modified":"2009-10-06T16:41:50","modified_gmt":"2009-10-06T15:41:50","slug":"ti-na-base-do-crescimento-economico-dos-proximos-anos","status":"publish","type":"post","link":"https:\/\/www.ticmais.pt\/?p=2044","title":{"rendered":"TI na base do crescimento econ\u00f3mico dos pr\u00f3ximos anos"},"content":{"rendered":"<table style=\"width: 100%;\" border=\"0\" cellspacing=\"5\" cellpadding=\"5\" align=\"justify\">\n<tbody>\n<tr>\n<td width=\"160\" valign=\"top\">\n<p><img decoding=\"async\" src=\"\/\/www.ticmais.pt\/ticmais\/imagens\/TI%20na%20base%20do%20crescimento%20economico%20dos%20proximos%20anos.jpg\" alt=\"\" \/><\/p>\n<\/td>\n<td valign=\"top\">\n<p>As tecnologias da informa\u00e7\u00e3o, e nomeadamente o investimento em software, v\u00e3o manter-se como um factor importante no crescimento econ\u00f3mico mundial dos pr\u00f3ximos anos. As conclus\u00f5es fazem parte de um estudo publicado, em parceria, pela consultora IDC e pela Microsoft. <a href=\"http:\/\/tek.sapo.pt\/noticias\/negocios\/ti_na_base_do_crescimento_economico_dos_proxi_1021925.html\" target=\"_blank\">Mais&#8230;<\/a>\u00a0<\/p>\n<\/td>\n<\/tr>\n<\/tbody>\n<\/table>\n<p><br class=\"spacer_\" \/><\/p>\n","protected":false},"excerpt":{"rendered":"<p>As tecnologias da informa\u00e7\u00e3o, e nomeadamente o investimento em software, v\u00e3o manter-se como um factor importante no crescimento econ\u00f3mico mundial dos pr\u00f3ximos anos. As conclus\u00f5es fazem parte de um estudo publicado, em parceria, pela consultora IDC e pela Microsoft. Mais&#8230;\u00a0<\/p>\n","protected":false},"author":1,"featured_media":0,"comment_status":"closed","ping_status":"closed","sticky":false,"template":"","format":"standard","meta":{"footnotes":""},"categories":[15],"tags":[245,252,448,246,363],"class_list":["post-2044","post","type-post","status-publish","format-standard","hentry","category-tic-mais","tag-crise","tag-economia","tag-economica","tag-financeira","tag-tic"],"_links":{"self":[{"href":"https:\/\/www.ticmais.pt\/index.php?rest_route=\/wp\/v2\/posts\/2044","targetHints":{"allow":["GET"]}}],"collection":[{"href":"https:\/\/www.ticmais.pt\/index.php?rest_route=\/wp\/v2\/posts"}],"about":[{"href":"https:\/\/www.ticmais.pt\/index.php?rest_route=\/wp\/v2\/types\/post"}],"author":[{"embeddable":true,"href":"https:\/\/www.ticmais.pt\/index.php?rest_route=\/wp\/v2\/users\/1"}],"replies":[{"embeddable":true,"href":"https:\/\/www.ticmais.pt\/index.php?rest_route=%2Fwp%2Fv2%2Fcomments&post=2044"}],"version-history":[{"count":0,"href":"https:\/\/www.ticmais.pt\/index.php?rest_route=\/wp\/v2\/posts\/2044\/revisions"}],"wp:attachment":[{"href":"https:\/\/www.ticmais.pt\/index.php?rest_route=%2Fwp%2Fv2%2Fmedia&parent=2044"}],"wp:term":[{"taxonomy":"category","embeddable":true,"href":"https:\/\/www.ticmais.pt\/index.php?rest_route=%2Fwp%2Fv2%2Fcategories&post=2044"},{"taxonomy":"post_tag","embeddable":true,"href":"https:\/\/www.ticmais.pt\/index.php?rest_route=%2Fwp%2Fv2%2Ftags&post=2044"}],"curies":[{"name":"wp","href":"https:\/\/api.w.org\/{rel}","templated":true}]}}