{"id":2050,"date":"2009-10-08T14:59:41","date_gmt":"2009-10-08T13:59:41","guid":{"rendered":"http:\/\/www.ticmais.pt\/?p=2050"},"modified":"2009-10-08T14:59:41","modified_gmt":"2009-10-08T13:59:41","slug":"operadores-dao-os-primeiros-passos-no-4g","status":"publish","type":"post","link":"https:\/\/www.ticmais.pt\/?p=2050","title":{"rendered":"Operadores d\u00e3o os primeiros passos no 4G"},"content":{"rendered":"<table style=\"width: 100%;\" border=\"0\" cellspacing=\"5\" cellpadding=\"5\" align=\"justify\">\n<tbody>\n<tr>\n<td width=\"160\" valign=\"top\">\n<p align=\"justify\"><img decoding=\"async\" src=\"\/\/www.ticmais.pt\/ticmais\/imagens\/Operadores%20dao%20os%20primeiros%20passos%20no%204G.jpg\" alt=\"\" \/><\/p>\n<\/td>\n<td valign=\"top\">\n<p style=\"text-align: justify;\">Est\u00e3o em marcha na Europa v\u00e1rios projectos em torno da pr\u00f3xima gera\u00e7\u00e3o m\u00f3vel, suportada na tecnologia LTE (Long Term Evolution). Este tem sido um dos focos de investimento da Comiss\u00e3o Europeia nos \u00faltimos anos, em mat\u00e9ria de investiga\u00e7\u00e3o e desenvolvimento, e continuar\u00e1 a s\u00ea-lo no futuro. <a href=\"http:\/\/tek.sapo.pt\/noticias\/telecomunicacoes\/operadores_dao_os_primeiros_passos_no_4g_1022410.html\" target=\"_blank\">Mais&#8230;<\/a><\/p>\n<\/td>\n<\/tr>\n<\/tbody>\n<\/table>\n<p><br class=\"spacer_\" \/><\/p>\n","protected":false},"excerpt":{"rendered":"<p>Est\u00e3o em marcha na Europa v\u00e1rios projectos em torno da pr\u00f3xima gera\u00e7\u00e3o m\u00f3vel, suportada na tecnologia LTE (Long Term Evolution). Este tem sido um dos focos de investimento da Comiss\u00e3o Europeia nos \u00faltimos anos, em mat\u00e9ria de investiga\u00e7\u00e3o e desenvolvimento, e continuar\u00e1 a s\u00ea-lo no futuro. Mais&#8230;<\/p>\n","protected":false},"author":1,"featured_media":0,"comment_status":"closed","ping_status":"closed","sticky":false,"template":"","format":"standard","meta":{"footnotes":""},"categories":[15],"tags":[101,86,35,99],"class_list":["post-2050","post","type-post","status-publish","format-standard","hentry","category-tic-mais","tag-4g","tag-redes","tag-telecomunicacoes","tag-uniao-europeia"],"_links":{"self":[{"href":"https:\/\/www.ticmais.pt\/index.php?rest_route=\/wp\/v2\/posts\/2050","targetHints":{"allow":["GET"]}}],"collection":[{"href":"https:\/\/www.ticmais.pt\/index.php?rest_route=\/wp\/v2\/posts"}],"about":[{"href":"https:\/\/www.ticmais.pt\/index.php?rest_route=\/wp\/v2\/types\/post"}],"author":[{"embeddable":true,"href":"https:\/\/www.ticmais.pt\/index.php?rest_route=\/wp\/v2\/users\/1"}],"replies":[{"embeddable":true,"href":"https:\/\/www.ticmais.pt\/index.php?rest_route=%2Fwp%2Fv2%2Fcomments&post=2050"}],"version-history":[{"count":0,"href":"https:\/\/www.ticmais.pt\/index.php?rest_route=\/wp\/v2\/posts\/2050\/revisions"}],"wp:attachment":[{"href":"https:\/\/www.ticmais.pt\/index.php?rest_route=%2Fwp%2Fv2%2Fmedia&parent=2050"}],"wp:term":[{"taxonomy":"category","embeddable":true,"href":"https:\/\/www.ticmais.pt\/index.php?rest_route=%2Fwp%2Fv2%2Fcategories&post=2050"},{"taxonomy":"post_tag","embeddable":true,"href":"https:\/\/www.ticmais.pt\/index.php?rest_route=%2Fwp%2Fv2%2Ftags&post=2050"}],"curies":[{"name":"wp","href":"https:\/\/api.w.org\/{rel}","templated":true}]}}