{"id":2051,"date":"2009-10-08T15:23:28","date_gmt":"2009-10-08T14:23:28","guid":{"rendered":"http:\/\/www.ticmais.pt\/?p=2051"},"modified":"2009-10-08T15:23:28","modified_gmt":"2009-10-08T14:23:28","slug":"nissan-revela-prototipo-que-inclina-como-moto","status":"publish","type":"post","link":"https:\/\/www.ticmais.pt\/?p=2051","title":{"rendered":"Nissan revela prot\u00f3tipo que inclina como moto"},"content":{"rendered":"<table style=\"width: 100%;\" border=\"0\" cellspacing=\"5\" cellpadding=\"5\" align=\"justify\">\n<tbody>\n<tr>\n<td width=\"160\" valign=\"top\">\n<p align=\"justify\"><img decoding=\"async\" src=\"\/\/www.ticmais.pt\/ticmais\/imagens\/Nissan%20revela%20prototipo%20que%20inclina%20como%20moto.jpg\" alt=\"\" \/><\/p>\n<\/td>\n<td valign=\"top\">\n<p style=\"text-align: justify;\">A Nissan aproveitar\u00e1 o pr\u00f3ximo Sal\u00e3o de T\u00f3quio (Jap\u00e3o) para apresentar um novo carro-conceito, o Land Glider. Destinado a ser um ve\u00edculo urbano com dois lugares, o Land Glider \u00e9 totalmente el\u00e9trico e extremamente estreito, com o objetivo de reduzir o congestionamento dos grandes centros urbanos e tamb\u00e9m tornar mais f\u00e1cil a procura por uma vaga de estacionamento. <a href=\"http:\/\/revistaautoesporte.globo.com\/Revista\/Autoesporte\/0,,EMI97452-10142,00.html\" target=\"_blank\">Mais&#8230;<\/a><\/p>\n<\/td>\n<\/tr>\n<\/tbody>\n<\/table>\n<p><br class=\"spacer_\" \/><\/p>\n","protected":false},"excerpt":{"rendered":"<p>A Nissan aproveitar\u00e1 o pr\u00f3ximo Sal\u00e3o de T\u00f3quio (Jap\u00e3o) para apresentar um novo carro-conceito, o Land Glider. Destinado a ser um ve\u00edculo urbano com dois lugares, o Land Glider \u00e9 totalmente el\u00e9trico e extremamente estreito, com o objetivo de reduzir o congestionamento dos grandes centros urbanos e tamb\u00e9m tornar mais f\u00e1cil a procura por uma [&hellip;]<\/p>\n","protected":false},"author":1,"featured_media":0,"comment_status":"closed","ping_status":"closed","sticky":false,"template":"","format":"standard","meta":{"footnotes":""},"categories":[15],"tags":[453,59],"class_list":["post-2051","post","type-post","status-publish","format-standard","hentry","category-tic-mais","tag-nissan","tag-veiculos-electricos"],"_links":{"self":[{"href":"https:\/\/www.ticmais.pt\/index.php?rest_route=\/wp\/v2\/posts\/2051","targetHints":{"allow":["GET"]}}],"collection":[{"href":"https:\/\/www.ticmais.pt\/index.php?rest_route=\/wp\/v2\/posts"}],"about":[{"href":"https:\/\/www.ticmais.pt\/index.php?rest_route=\/wp\/v2\/types\/post"}],"author":[{"embeddable":true,"href":"https:\/\/www.ticmais.pt\/index.php?rest_route=\/wp\/v2\/users\/1"}],"replies":[{"embeddable":true,"href":"https:\/\/www.ticmais.pt\/index.php?rest_route=%2Fwp%2Fv2%2Fcomments&post=2051"}],"version-history":[{"count":0,"href":"https:\/\/www.ticmais.pt\/index.php?rest_route=\/wp\/v2\/posts\/2051\/revisions"}],"wp:attachment":[{"href":"https:\/\/www.ticmais.pt\/index.php?rest_route=%2Fwp%2Fv2%2Fmedia&parent=2051"}],"wp:term":[{"taxonomy":"category","embeddable":true,"href":"https:\/\/www.ticmais.pt\/index.php?rest_route=%2Fwp%2Fv2%2Fcategories&post=2051"},{"taxonomy":"post_tag","embeddable":true,"href":"https:\/\/www.ticmais.pt\/index.php?rest_route=%2Fwp%2Fv2%2Ftags&post=2051"}],"curies":[{"name":"wp","href":"https:\/\/api.w.org\/{rel}","templated":true}]}}