{"id":2053,"date":"2009-10-09T02:17:55","date_gmt":"2009-10-09T01:17:55","guid":{"rendered":"http:\/\/www.ticmais.pt\/?p=2053"},"modified":"2009-10-09T02:17:55","modified_gmt":"2009-10-09T01:17:55","slug":"evolucao-do-emprego-tecnologico-em-portugal-sera-menor-do-que-no-mundo","status":"publish","type":"post","link":"https:\/\/www.ticmais.pt\/?p=2053","title":{"rendered":"Evolu\u00e7\u00e3o do emprego tecnol\u00f3gico em Portugal ser\u00e1 menor do que no mundo"},"content":{"rendered":"<table style=\"width: 100%;\" border=\"0\" cellspacing=\"5\" cellpadding=\"5\" align=\"justify\">\n<tbody>\n<tr>\n<td width=\"160\" valign=\"top\">\n<p><img decoding=\"async\" src=\"\/\/www.ticmais.pt\/ticmais\/imagens\/Evolucao%20do%20emprego%20tecnologico%20em%20Portugal%20sera%20menor%20do%20que%20no%20mundo.jpg\" alt=\"\" \/><\/p>\n<\/td>\n<td valign=\"top\">\n<p>A ind\u00fastria das tecnologias de informa\u00e7\u00e3o (TI) est\u00e1 a preparar-se para a retoma. O mercado nacional, neste sector de actividade, ir\u00e1 crescer nos pr\u00f3ximos quatro anos, no entanto ainda a um ritmo menos acelerado do que se prev\u00ea para o resto do mundo. <a href=\"http:\/\/www.jornaldenegocios.pt\/index.php?template=SHOWNEWS&amp;id=390251\" target=\"_blank\">Mais&#8230;<\/a><\/p>\n<\/td>\n<\/tr>\n<\/tbody>\n<\/table>\n<p><br class=\"spacer_\" \/><\/p>\n","protected":false},"excerpt":{"rendered":"<p>A ind\u00fastria das tecnologias de informa\u00e7\u00e3o (TI) est\u00e1 a preparar-se para a retoma. O mercado nacional, neste sector de actividade, ir\u00e1 crescer nos pr\u00f3ximos quatro anos, no entanto ainda a um ritmo menos acelerado do que se prev\u00ea para o resto do mundo. Mais&#8230;<\/p>\n","protected":false},"author":1,"featured_media":0,"comment_status":"closed","ping_status":"closed","sticky":false,"template":"","format":"standard","meta":{"footnotes":""},"categories":[15],"tags":[245,252,448,246,363],"class_list":["post-2053","post","type-post","status-publish","format-standard","hentry","category-tic-mais","tag-crise","tag-economia","tag-economica","tag-financeira","tag-tic"],"_links":{"self":[{"href":"https:\/\/www.ticmais.pt\/index.php?rest_route=\/wp\/v2\/posts\/2053","targetHints":{"allow":["GET"]}}],"collection":[{"href":"https:\/\/www.ticmais.pt\/index.php?rest_route=\/wp\/v2\/posts"}],"about":[{"href":"https:\/\/www.ticmais.pt\/index.php?rest_route=\/wp\/v2\/types\/post"}],"author":[{"embeddable":true,"href":"https:\/\/www.ticmais.pt\/index.php?rest_route=\/wp\/v2\/users\/1"}],"replies":[{"embeddable":true,"href":"https:\/\/www.ticmais.pt\/index.php?rest_route=%2Fwp%2Fv2%2Fcomments&post=2053"}],"version-history":[{"count":0,"href":"https:\/\/www.ticmais.pt\/index.php?rest_route=\/wp\/v2\/posts\/2053\/revisions"}],"wp:attachment":[{"href":"https:\/\/www.ticmais.pt\/index.php?rest_route=%2Fwp%2Fv2%2Fmedia&parent=2053"}],"wp:term":[{"taxonomy":"category","embeddable":true,"href":"https:\/\/www.ticmais.pt\/index.php?rest_route=%2Fwp%2Fv2%2Fcategories&post=2053"},{"taxonomy":"post_tag","embeddable":true,"href":"https:\/\/www.ticmais.pt\/index.php?rest_route=%2Fwp%2Fv2%2Ftags&post=2053"}],"curies":[{"name":"wp","href":"https:\/\/api.w.org\/{rel}","templated":true}]}}