{"id":2055,"date":"2009-10-10T02:09:58","date_gmt":"2009-10-10T01:09:58","guid":{"rendered":"http:\/\/www.ticmais.pt\/?p=2055"},"modified":"2009-10-10T02:09:58","modified_gmt":"2009-10-10T01:09:58","slug":"ce-quer-que-sector-tic-de-exemplo-ecologico","status":"publish","type":"post","link":"https:\/\/www.ticmais.pt\/?p=2055","title":{"rendered":"CE quer que sector TIC d\u00ea &#8220;exemplo ecol\u00f3gico&#8221;"},"content":{"rendered":"<table style=\"width: 100%;\" border=\"0\" cellspacing=\"5\" cellpadding=\"5\" align=\"justify\">\n<tbody>\n<tr>\n<td width=\"160\" valign=\"top\">\n<p align=\"justify\"><img decoding=\"async\" src=\"\/\/www.ticmais.pt\/ticmais\/imagens\/CE%20quer%20que%20sector%20TIC%20de%20exemplo%20ecologico.jpg\" alt=\"\" \/><\/p>\n<\/td>\n<td valign=\"top\">\n<p align=\"justify\">J\u00e1 n\u00e3o \u00e9 a primeira vez que a Comiss\u00e3o Europeia apela ao sector das Tecnologias da Informa\u00e7\u00e3o e Comunica\u00e7\u00e3o para que ajude a Europa a cumprir os objectivos definidos pelo Protocolo de Quioto em termos clim\u00e1ticos e energ\u00e9ticos, mas hoje este alerta foi refor\u00e7ado, solicitando-se a defini\u00e7\u00e3o de medidas at\u00e9 2011. O objectivo \u00e9 aumentar a efici\u00eancia energ\u00e9tica em 20% at\u00e9 2015. <a href=\"http:\/\/tek.sapo.pt\/noticias\/negocios\/ce_quer_que_sector_tic_de_exemplo_ecologico_1022653.html\" target=\"_blank\">Mais&#8230;<br \/>\n<\/a><\/p>\n<\/td>\n<\/tr>\n<\/tbody>\n<\/table>\n<p><br class=\"spacer_\" \/><\/p>\n","protected":false},"excerpt":{"rendered":"<p>J\u00e1 n\u00e3o \u00e9 a primeira vez que a Comiss\u00e3o Europeia apela ao sector das Tecnologias da Informa\u00e7\u00e3o e Comunica\u00e7\u00e3o para que ajude a Europa a cumprir os objectivos definidos pelo Protocolo de Quioto em termos clim\u00e1ticos e energ\u00e9ticos, mas hoje este alerta foi refor\u00e7ado, solicitando-se a defini\u00e7\u00e3o de medidas at\u00e9 2011. O objectivo \u00e9 aumentar [&hellip;]<\/p>\n","protected":false},"author":1,"featured_media":0,"comment_status":"closed","ping_status":"closed","sticky":false,"template":"","format":"standard","meta":{"footnotes":""},"categories":[15],"tags":[454,25,53,158,363,99],"class_list":["post-2055","post","type-post","status-publish","format-standard","hentry","category-tic-mais","tag-co2","tag-ecologia-e-desenvolvimento-sustentavel","tag-eficiencia-energetica","tag-energia","tag-tic","tag-uniao-europeia"],"_links":{"self":[{"href":"https:\/\/www.ticmais.pt\/index.php?rest_route=\/wp\/v2\/posts\/2055","targetHints":{"allow":["GET"]}}],"collection":[{"href":"https:\/\/www.ticmais.pt\/index.php?rest_route=\/wp\/v2\/posts"}],"about":[{"href":"https:\/\/www.ticmais.pt\/index.php?rest_route=\/wp\/v2\/types\/post"}],"author":[{"embeddable":true,"href":"https:\/\/www.ticmais.pt\/index.php?rest_route=\/wp\/v2\/users\/1"}],"replies":[{"embeddable":true,"href":"https:\/\/www.ticmais.pt\/index.php?rest_route=%2Fwp%2Fv2%2Fcomments&post=2055"}],"version-history":[{"count":0,"href":"https:\/\/www.ticmais.pt\/index.php?rest_route=\/wp\/v2\/posts\/2055\/revisions"}],"wp:attachment":[{"href":"https:\/\/www.ticmais.pt\/index.php?rest_route=%2Fwp%2Fv2%2Fmedia&parent=2055"}],"wp:term":[{"taxonomy":"category","embeddable":true,"href":"https:\/\/www.ticmais.pt\/index.php?rest_route=%2Fwp%2Fv2%2Fcategories&post=2055"},{"taxonomy":"post_tag","embeddable":true,"href":"https:\/\/www.ticmais.pt\/index.php?rest_route=%2Fwp%2Fv2%2Ftags&post=2055"}],"curies":[{"name":"wp","href":"https:\/\/api.w.org\/{rel}","templated":true}]}}