{"id":2062,"date":"2009-10-13T17:38:01","date_gmt":"2009-10-13T16:38:01","guid":{"rendered":"http:\/\/www.ticmais.pt\/?p=2062"},"modified":"2009-10-13T17:38:01","modified_gmt":"2009-10-13T16:38:01","slug":"alegada-inseguranca-informatica-leva-magistrados-a-pedir-suspensao-dos-sistemas","status":"publish","type":"post","link":"https:\/\/www.ticmais.pt\/?p=2062","title":{"rendered":"Alegada inseguran\u00e7a inform\u00e1tica leva magistrados a pedir suspens\u00e3o dos sistemas"},"content":{"rendered":"<table style=\"width: 100%;\" border=\"0\" cellspacing=\"5\" cellpadding=\"5\" align=\"justify\">\n<tbody>\n<tr>\n<td width=\"160\" valign=\"top\">\n<p align=\"justify\"><img decoding=\"async\" src=\"\/\/www.ticmais.pt\/ticmais\/imagens\/Alegada%20inseguranca%20informatica%20leva%20magistrados%20a%20pedir%20suspensao%20dos%20sistemas.jpg\" alt=\"\" \/><\/p>\n<\/td>\n<td valign=\"top\">\n<p align=\"justify\">As queixas dos Magistrados do Minist\u00e9rio P\u00fablico face aos sistemas inform\u00e1ticos do Minist\u00e9rio da Justi\u00e7a n\u00e3o s\u00e3o novas mas agora o Sindicato pede a suspens\u00e3o imediata de todos os sistemas alegando que existe uma \u201ccomprovada inseguran\u00e7a dos sistemas inform\u00e1ticos da rede do Estado, nomeadamente do Minist\u00e9rio da Justi\u00e7a\u201d. As alega\u00e7\u00f5es baseiam-se num relat\u00f3rio que ter\u00e1 sido desenvolvido pela empresa Trusted Technologies. <a href=\"http:\/\/tek.sapo.pt\/noticias\/computadores\/alegada_inseguranca_informatica_leva_magistra_1023578.html\" target=\"_blank\">Mais&#8230;<\/a><\/p>\n<\/td>\n<\/tr>\n<\/tbody>\n<\/table>\n<p><br class=\"spacer_\" \/><\/p>\n","protected":false},"excerpt":{"rendered":"<p>As queixas dos Magistrados do Minist\u00e9rio P\u00fablico face aos sistemas inform\u00e1ticos do Minist\u00e9rio da Justi\u00e7a n\u00e3o s\u00e3o novas mas agora o Sindicato pede a suspens\u00e3o imediata de todos os sistemas alegando que existe uma \u201ccomprovada inseguran\u00e7a dos sistemas inform\u00e1ticos da rede do Estado, nomeadamente do Minist\u00e9rio da Justi\u00e7a\u201d. As alega\u00e7\u00f5es baseiam-se num relat\u00f3rio que ter\u00e1 [&hellip;]<\/p>\n","protected":false},"author":1,"featured_media":0,"comment_status":"closed","ping_status":"closed","sticky":false,"template":"","format":"standard","meta":{"footnotes":""},"categories":[15],"tags":[7,288,123],"class_list":["post-2062","post","type-post","status-publish","format-standard","hentry","category-tic-mais","tag-egov","tag-justica","tag-seguranca"],"_links":{"self":[{"href":"https:\/\/www.ticmais.pt\/index.php?rest_route=\/wp\/v2\/posts\/2062","targetHints":{"allow":["GET"]}}],"collection":[{"href":"https:\/\/www.ticmais.pt\/index.php?rest_route=\/wp\/v2\/posts"}],"about":[{"href":"https:\/\/www.ticmais.pt\/index.php?rest_route=\/wp\/v2\/types\/post"}],"author":[{"embeddable":true,"href":"https:\/\/www.ticmais.pt\/index.php?rest_route=\/wp\/v2\/users\/1"}],"replies":[{"embeddable":true,"href":"https:\/\/www.ticmais.pt\/index.php?rest_route=%2Fwp%2Fv2%2Fcomments&post=2062"}],"version-history":[{"count":0,"href":"https:\/\/www.ticmais.pt\/index.php?rest_route=\/wp\/v2\/posts\/2062\/revisions"}],"wp:attachment":[{"href":"https:\/\/www.ticmais.pt\/index.php?rest_route=%2Fwp%2Fv2%2Fmedia&parent=2062"}],"wp:term":[{"taxonomy":"category","embeddable":true,"href":"https:\/\/www.ticmais.pt\/index.php?rest_route=%2Fwp%2Fv2%2Fcategories&post=2062"},{"taxonomy":"post_tag","embeddable":true,"href":"https:\/\/www.ticmais.pt\/index.php?rest_route=%2Fwp%2Fv2%2Ftags&post=2062"}],"curies":[{"name":"wp","href":"https:\/\/api.w.org\/{rel}","templated":true}]}}