{"id":2064,"date":"2009-10-14T22:56:17","date_gmt":"2009-10-14T21:56:17","guid":{"rendered":"http:\/\/www.ticmais.pt\/?p=2064"},"modified":"2009-10-14T22:56:17","modified_gmt":"2009-10-14T21:56:17","slug":"taxas-cobradas-pelas-camaras-aumentam-no-proximo-ano","status":"publish","type":"post","link":"https:\/\/www.ticmais.pt\/?p=2064","title":{"rendered":"Taxas cobradas pelas c\u00e2maras aumentam no pr\u00f3ximo ano"},"content":{"rendered":"<table style=\"width: 100%;\" border=\"0\" cellspacing=\"5\" cellpadding=\"5\" align=\"justify\">\n<tbody>\n<tr>\n<td width=\"160\" valign=\"top\">\n<p align=\"justify\"><img decoding=\"async\" src=\"\/\/www.ticmais.pt\/ticmais\/imagens\/Taxas%20cobradas%20pelas%20camaras%20aumentam%20no%20proximo%20ano.jpg\" alt=\"\" \/><\/p>\n<\/td>\n<td valign=\"top\">\n<p style=\"TEXT-ALIGN: justify\">A nova lei das taxas municipais entra em vigor no primeiro dia de 2010 e vai obrigar muitos autarcas a subir essas taxas cobradas por v\u00e1rios servi\u00e7os. Por\u00e9m, os prazos para a sua aplica\u00e7\u00e3o s\u00e3o apertados. E quem n\u00e3o aprovar cada uma das novas taxas at\u00e9 ao fim do ano pode ficar impedido de cobrar seja o que for aos cidad\u00e3os. <a href=\"http:\/\/dn.sapo.pt\/inicio\/portugal\/interior.aspx?content_id=1390221\" target=\"_blank\">Mais&#8230;<\/a><\/p>\n<\/td>\n<\/tr>\n<\/tbody>\n<\/table>\n<p><br class=\"spacer_\" \/><\/p>\n","protected":false},"excerpt":{"rendered":"<p>A nova lei das taxas municipais entra em vigor no primeiro dia de 2010 e vai obrigar muitos autarcas a subir essas taxas cobradas por v\u00e1rios servi\u00e7os. Por\u00e9m, os prazos para a sua aplica\u00e7\u00e3o s\u00e3o apertados. E quem n\u00e3o aprovar cada uma das novas taxas at\u00e9 ao fim do ano pode ficar impedido de cobrar [&hellip;]<\/p>\n","protected":false},"author":1,"featured_media":0,"comment_status":"closed","ping_status":"closed","sticky":false,"template":"","format":"standard","meta":{"footnotes":""},"categories":[15],"tags":[90,12,13,459],"class_list":["post-2064","post","type-post","status-publish","format-standard","hentry","category-tic-mais","tag-impostos","tag-municipios","tag-poder-local","tag-taxas"],"_links":{"self":[{"href":"https:\/\/www.ticmais.pt\/index.php?rest_route=\/wp\/v2\/posts\/2064","targetHints":{"allow":["GET"]}}],"collection":[{"href":"https:\/\/www.ticmais.pt\/index.php?rest_route=\/wp\/v2\/posts"}],"about":[{"href":"https:\/\/www.ticmais.pt\/index.php?rest_route=\/wp\/v2\/types\/post"}],"author":[{"embeddable":true,"href":"https:\/\/www.ticmais.pt\/index.php?rest_route=\/wp\/v2\/users\/1"}],"replies":[{"embeddable":true,"href":"https:\/\/www.ticmais.pt\/index.php?rest_route=%2Fwp%2Fv2%2Fcomments&post=2064"}],"version-history":[{"count":0,"href":"https:\/\/www.ticmais.pt\/index.php?rest_route=\/wp\/v2\/posts\/2064\/revisions"}],"wp:attachment":[{"href":"https:\/\/www.ticmais.pt\/index.php?rest_route=%2Fwp%2Fv2%2Fmedia&parent=2064"}],"wp:term":[{"taxonomy":"category","embeddable":true,"href":"https:\/\/www.ticmais.pt\/index.php?rest_route=%2Fwp%2Fv2%2Fcategories&post=2064"},{"taxonomy":"post_tag","embeddable":true,"href":"https:\/\/www.ticmais.pt\/index.php?rest_route=%2Fwp%2Fv2%2Ftags&post=2064"}],"curies":[{"name":"wp","href":"https:\/\/api.w.org\/{rel}","templated":true}]}}