{"id":2071,"date":"2009-10-18T23:04:16","date_gmt":"2009-10-18T22:04:16","guid":{"rendered":"http:\/\/www.ticmais.pt\/?p=2071"},"modified":"2009-10-18T23:04:16","modified_gmt":"2009-10-18T22:04:16","slug":"acer-juntara-android-e-snapdragon","status":"publish","type":"post","link":"https:\/\/www.ticmais.pt\/?p=2071","title":{"rendered":"Acer juntar\u00e1 Android e Snapdragon"},"content":{"rendered":"<table style=\"width: 100%;\" border=\"0\" cellspacing=\"5\" cellpadding=\"5\" align=\"justify\">\n<tbody>\n<tr>\n<td width=\"160\" valign=\"top\">\n<p align=\"justify\"><img decoding=\"async\" src=\"\/\/www.ticmais.pt\/ticmais\/imagens\/Acer%20juntara%20Android%20e%20Snapdragon.jpg\" alt=\"\" \/><\/p>\n<\/td>\n<td valign=\"top\">\n<p align=\"justify\">A Acer <a href=\"http:\/\/info.abril.com.br\/noticias\/blogs\/gadgets\/smartphones\/acer-prepara-smartphone-android-199211\/\" target=\"_blank\">j\u00e1 tinha avisado que seu smartphone com Android<\/a> chegaria em breve \u00e0 Europa. O que eles n\u00e3o tinham contado \u00e9 que ele teria um processador de, no m\u00ednimo, 1 GHz. <a href=\"http:\/\/info.abril.com.br\/noticias\/blogs\/gadgets\/smartphones\/acer-juntara-android-e-snapdragon\/\" target=\"_blank\">Mais&#8230;<\/a><\/p>\n<\/td>\n<\/tr>\n<\/tbody>\n<\/table>\n<p><br class=\"spacer_\" \/><\/p>\n","protected":false},"excerpt":{"rendered":"<p>A Acer j\u00e1 tinha avisado que seu smartphone com Android chegaria em breve \u00e0 Europa. O que eles n\u00e3o tinham contado \u00e9 que ele teria um processador de, no m\u00ednimo, 1 GHz. Mais&#8230;<\/p>\n","protected":false},"author":1,"featured_media":0,"comment_status":"closed","ping_status":"closed","sticky":false,"template":"","format":"standard","meta":{"footnotes":""},"categories":[15],"tags":[204,91,466,87,467],"class_list":["post-2071","post","type-post","status-publish","format-standard","hentry","category-tic-mais","tag-acer","tag-android","tag-qualcomm","tag-smartphones","tag-snapdragon"],"_links":{"self":[{"href":"https:\/\/www.ticmais.pt\/index.php?rest_route=\/wp\/v2\/posts\/2071","targetHints":{"allow":["GET"]}}],"collection":[{"href":"https:\/\/www.ticmais.pt\/index.php?rest_route=\/wp\/v2\/posts"}],"about":[{"href":"https:\/\/www.ticmais.pt\/index.php?rest_route=\/wp\/v2\/types\/post"}],"author":[{"embeddable":true,"href":"https:\/\/www.ticmais.pt\/index.php?rest_route=\/wp\/v2\/users\/1"}],"replies":[{"embeddable":true,"href":"https:\/\/www.ticmais.pt\/index.php?rest_route=%2Fwp%2Fv2%2Fcomments&post=2071"}],"version-history":[{"count":0,"href":"https:\/\/www.ticmais.pt\/index.php?rest_route=\/wp\/v2\/posts\/2071\/revisions"}],"wp:attachment":[{"href":"https:\/\/www.ticmais.pt\/index.php?rest_route=%2Fwp%2Fv2%2Fmedia&parent=2071"}],"wp:term":[{"taxonomy":"category","embeddable":true,"href":"https:\/\/www.ticmais.pt\/index.php?rest_route=%2Fwp%2Fv2%2Fcategories&post=2071"},{"taxonomy":"post_tag","embeddable":true,"href":"https:\/\/www.ticmais.pt\/index.php?rest_route=%2Fwp%2Fv2%2Ftags&post=2071"}],"curies":[{"name":"wp","href":"https:\/\/api.w.org\/{rel}","templated":true}]}}