{"id":2079,"date":"2009-10-20T20:10:22","date_gmt":"2009-10-20T19:10:22","guid":{"rendered":"http:\/\/www.ticmais.pt\/?p=2079"},"modified":"2009-10-20T20:10:22","modified_gmt":"2009-10-20T19:10:22","slug":"ami-promove-reutilizacao-de-consumiveis-e-telemoveis","status":"publish","type":"post","link":"https:\/\/www.ticmais.pt\/?p=2079","title":{"rendered":"AMI promove reutiliza\u00e7\u00e3o de consum\u00edveis e telem\u00f3veis"},"content":{"rendered":"<table style=\"width: 100%;\" border=\"0\" cellspacing=\"5\" cellpadding=\"5\" align=\"justify\">\n<tbody>\n<tr>\n<td width=\"160\" valign=\"top\">\n<p align=\"justify\"><img decoding=\"async\" src=\"\/\/www.ticmais.pt\/ticmais\/imagens\/AMI%20promove%20reutilizacao%20de%20consumiveis%20e%20telemoveis.jpg\" alt=\"\" \/><\/p>\n<\/td>\n<td valign=\"top\">\n<p align=\"justify\">A organiza\u00e7\u00e3o n\u00e3o governamental AMI est\u00e1 a promover uma campanha de reutiliza\u00e7\u00e3o de consum\u00edveis e telem\u00f3veis. Os equipamentos que j\u00e1 n\u00e3o t\u00eam uso para os consumidores podem ser entregues numa rede de mais de seis mil parceiros. <a href=\"http:\/\/sol.sapo.pt\/PaginaInicial\/Tecnologia\/Interior.aspx?content_id=151417\" target=\"_blank\">Mais&#8230;<\/a><\/p>\n<\/td>\n<\/tr>\n<\/tbody>\n<\/table>\n<p><br class=\"spacer_\" \/><\/p>\n","protected":false},"excerpt":{"rendered":"<p>A organiza\u00e7\u00e3o n\u00e3o governamental AMI est\u00e1 a promover uma campanha de reutiliza\u00e7\u00e3o de consum\u00edveis e telem\u00f3veis. Os equipamentos que j\u00e1 n\u00e3o t\u00eam uso para os consumidores podem ser entregues numa rede de mais de seis mil parceiros. Mais&#8230;<\/p>\n","protected":false},"author":1,"featured_media":0,"comment_status":"closed","ping_status":"closed","sticky":false,"template":"","format":"standard","meta":{"footnotes":""},"categories":[15],"tags":[474,475,476,88],"class_list":["post-2079","post","type-post","status-publish","format-standard","hentry","category-tic-mais","tag-ami","tag-consumiveis","tag-reutilizacao","tag-telemoveis"],"_links":{"self":[{"href":"https:\/\/www.ticmais.pt\/index.php?rest_route=\/wp\/v2\/posts\/2079","targetHints":{"allow":["GET"]}}],"collection":[{"href":"https:\/\/www.ticmais.pt\/index.php?rest_route=\/wp\/v2\/posts"}],"about":[{"href":"https:\/\/www.ticmais.pt\/index.php?rest_route=\/wp\/v2\/types\/post"}],"author":[{"embeddable":true,"href":"https:\/\/www.ticmais.pt\/index.php?rest_route=\/wp\/v2\/users\/1"}],"replies":[{"embeddable":true,"href":"https:\/\/www.ticmais.pt\/index.php?rest_route=%2Fwp%2Fv2%2Fcomments&post=2079"}],"version-history":[{"count":0,"href":"https:\/\/www.ticmais.pt\/index.php?rest_route=\/wp\/v2\/posts\/2079\/revisions"}],"wp:attachment":[{"href":"https:\/\/www.ticmais.pt\/index.php?rest_route=%2Fwp%2Fv2%2Fmedia&parent=2079"}],"wp:term":[{"taxonomy":"category","embeddable":true,"href":"https:\/\/www.ticmais.pt\/index.php?rest_route=%2Fwp%2Fv2%2Fcategories&post=2079"},{"taxonomy":"post_tag","embeddable":true,"href":"https:\/\/www.ticmais.pt\/index.php?rest_route=%2Fwp%2Fv2%2Ftags&post=2079"}],"curies":[{"name":"wp","href":"https:\/\/api.w.org\/{rel}","templated":true}]}}