{"id":2091,"date":"2009-10-24T21:46:50","date_gmt":"2009-10-24T20:46:50","guid":{"rendered":"http:\/\/www.ticmais.pt\/?p=2091"},"modified":"2009-10-24T21:46:50","modified_gmt":"2009-10-24T20:46:50","slug":"woodstock-o-que-aconteceu-com-os-principais-nomes-do-festival","status":"publish","type":"post","link":"https:\/\/www.ticmais.pt\/?p=2091","title":{"rendered":"Woodstock &#8211; o que aconteceu com os principais nomes do festival"},"content":{"rendered":"<table style=\"width: 100%;\" border=\"0\" cellspacing=\"5\" cellpadding=\"5\" align=\"justify\">\n<tbody>\n<tr>\n<td width=\"160\" valign=\"top\">\n<p><img decoding=\"async\" src=\"\/\/www.ticmais.pt\/ticmais\/imagens\/Woodstock%20-%20o%20que%20aconteceu%20com%20os%20principais%20nomes%20do%20festival.jpg\" alt=\"\" \/><\/p>\n<\/td>\n<td valign=\"top\">\n<p style=\"text-align: justify;\">A 17 de Agosto \u00faltimo, h\u00e1 exatos 40 anos atr\u00e1s, o \u201cWoodstock Music &amp; Art Fair\u201d, o festival de m\u00fasica mais emblem\u00e1tico da hist\u00f3ria, chegava ao fim. A data trouxe dezenas de lan\u00e7amentos em a\u00fadio e v\u00eddeo, mat\u00e9rias especiais em todas as m\u00eddias, livros, filmes\u2026o pacote completo. Eis o que aconteceu com os principais nomes que tocaram nesses m\u00edticos 3 dias. <a href=\"http:\/\/blog.uncovering.org\/archives\/2009\/10\/woodstock_40_anos_o_que_aconteceu_com_os_princ.html\" target=\"_blank\">Mais&#8230;<\/a><\/p>\n<\/td>\n<\/tr>\n<\/tbody>\n<\/table>\n<p><br class=\"spacer_\" \/><\/p>\n","protected":false},"excerpt":{"rendered":"<p>A 17 de Agosto \u00faltimo, h\u00e1 exatos 40 anos atr\u00e1s, o \u201cWoodstock Music &amp; Art Fair\u201d, o festival de m\u00fasica mais emblem\u00e1tico da hist\u00f3ria, chegava ao fim. A data trouxe dezenas de lan\u00e7amentos em a\u00fadio e v\u00eddeo, mat\u00e9rias especiais em todas as m\u00eddias, livros, filmes\u2026o pacote completo. Eis o que aconteceu com os principais nomes [&hellip;]<\/p>\n","protected":false},"author":1,"featured_media":0,"comment_status":"closed","ping_status":"closed","sticky":false,"template":"","format":"standard","meta":{"footnotes":""},"categories":[15],"tags":[487,488,137,489],"class_list":["post-2091","post","type-post","status-publish","format-standard","hentry","category-tic-mais","tag-concerto","tag-festival","tag-musica","tag-woodstock"],"_links":{"self":[{"href":"https:\/\/www.ticmais.pt\/index.php?rest_route=\/wp\/v2\/posts\/2091","targetHints":{"allow":["GET"]}}],"collection":[{"href":"https:\/\/www.ticmais.pt\/index.php?rest_route=\/wp\/v2\/posts"}],"about":[{"href":"https:\/\/www.ticmais.pt\/index.php?rest_route=\/wp\/v2\/types\/post"}],"author":[{"embeddable":true,"href":"https:\/\/www.ticmais.pt\/index.php?rest_route=\/wp\/v2\/users\/1"}],"replies":[{"embeddable":true,"href":"https:\/\/www.ticmais.pt\/index.php?rest_route=%2Fwp%2Fv2%2Fcomments&post=2091"}],"version-history":[{"count":0,"href":"https:\/\/www.ticmais.pt\/index.php?rest_route=\/wp\/v2\/posts\/2091\/revisions"}],"wp:attachment":[{"href":"https:\/\/www.ticmais.pt\/index.php?rest_route=%2Fwp%2Fv2%2Fmedia&parent=2091"}],"wp:term":[{"taxonomy":"category","embeddable":true,"href":"https:\/\/www.ticmais.pt\/index.php?rest_route=%2Fwp%2Fv2%2Fcategories&post=2091"},{"taxonomy":"post_tag","embeddable":true,"href":"https:\/\/www.ticmais.pt\/index.php?rest_route=%2Fwp%2Fv2%2Ftags&post=2091"}],"curies":[{"name":"wp","href":"https:\/\/api.w.org\/{rel}","templated":true}]}}