{"id":2117,"date":"2009-11-03T21:50:04","date_gmt":"2009-11-03T20:50:04","guid":{"rendered":"http:\/\/www.ticmais.pt\/?p=2117"},"modified":"2009-11-03T21:50:04","modified_gmt":"2009-11-03T20:50:04","slug":"megaprojecto-solar-no-sara-vai-fornecer-15-da-energia-da-europa","status":"publish","type":"post","link":"https:\/\/www.ticmais.pt\/?p=2117","title":{"rendered":"Megaprojecto solar no Sara vai fornecer 15% da energia da Europa"},"content":{"rendered":"<table style=\"width: 100%;\" border=\"0\" cellspacing=\"5\" cellpadding=\"5\" align=\"justify\">\n<tbody>\n<tr>\n<td valign=\"top\" width=\"160\">\n<p align=\"justify\"><img decoding=\"async\" src=\"\/\/www.ticmais.pt\/ticmais\/imagens\/Megaprojecto%20solar%20no%20Sara%20vai%20fornecer%2015%20por%20cento%20da%20energia%20da%20Europa.jpg\" alt=\"\" \/><\/p>\n<\/td>\n<td valign=\"top\">\n<p align=\"justify\">Um gigantesco projecto solar no deserto do Sara foi anunciado na Alemanha por um cons\u00f3rcio de 12 empresas. O objectivo \u00e9 satisfazer 15% das necessidades de energia da Europa em 2050. Clique para visitar o dossi\u00ea Tudo Sobre As Altera\u00e7\u00f5es Clim\u00e1ticas. <a href=\"http:\/\/aeiou.expresso.pt\/megaprojecto-solar-no-sara-vai-fornecer-15-da-energia-da-europa=f545447\" target=\"_blank\">Mais&#8230;<\/a><\/p>\n<\/td>\n<\/tr>\n<\/tbody>\n<\/table>\n<p>&nbsp;<\/p>\n","protected":false},"excerpt":{"rendered":"<p>Um gigantesco projecto solar no deserto do Sara foi anunciado na Alemanha por um cons\u00f3rcio de 12 empresas. O objectivo \u00e9 satisfazer 15% das necessidades de energia da Europa em 2050. Clique para visitar o dossi\u00ea Tudo Sobre As Altera\u00e7\u00f5es Clim\u00e1ticas. Mais&#8230; &nbsp;<\/p>\n","protected":false},"author":1,"featured_media":0,"comment_status":"closed","ping_status":"closed","sticky":false,"template":"","format":"standard","meta":{"footnotes":""},"categories":[15],"tags":[492,510,511,25,38],"class_list":["post-2117","post","type-post","status-publish","format-standard","hentry","category-tic-mais","tag-alemanha","tag-alteracoes","tag-climaticas","tag-ecologia-e-desenvolvimento-sustentavel","tag-energia-solar"],"_links":{"self":[{"href":"https:\/\/www.ticmais.pt\/index.php?rest_route=\/wp\/v2\/posts\/2117","targetHints":{"allow":["GET"]}}],"collection":[{"href":"https:\/\/www.ticmais.pt\/index.php?rest_route=\/wp\/v2\/posts"}],"about":[{"href":"https:\/\/www.ticmais.pt\/index.php?rest_route=\/wp\/v2\/types\/post"}],"author":[{"embeddable":true,"href":"https:\/\/www.ticmais.pt\/index.php?rest_route=\/wp\/v2\/users\/1"}],"replies":[{"embeddable":true,"href":"https:\/\/www.ticmais.pt\/index.php?rest_route=%2Fwp%2Fv2%2Fcomments&post=2117"}],"version-history":[{"count":0,"href":"https:\/\/www.ticmais.pt\/index.php?rest_route=\/wp\/v2\/posts\/2117\/revisions"}],"wp:attachment":[{"href":"https:\/\/www.ticmais.pt\/index.php?rest_route=%2Fwp%2Fv2%2Fmedia&parent=2117"}],"wp:term":[{"taxonomy":"category","embeddable":true,"href":"https:\/\/www.ticmais.pt\/index.php?rest_route=%2Fwp%2Fv2%2Fcategories&post=2117"},{"taxonomy":"post_tag","embeddable":true,"href":"https:\/\/www.ticmais.pt\/index.php?rest_route=%2Fwp%2Fv2%2Ftags&post=2117"}],"curies":[{"name":"wp","href":"https:\/\/api.w.org\/{rel}","templated":true}]}}