{"id":2127,"date":"2009-11-07T00:03:37","date_gmt":"2009-11-06T23:03:37","guid":{"rendered":"http:\/\/www.ticmais.pt\/?p=2127"},"modified":"2009-11-07T00:03:37","modified_gmt":"2009-11-06T23:03:37","slug":"ansiao-apresenta-canal-de-web-tv","status":"publish","type":"post","link":"https:\/\/www.ticmais.pt\/?p=2127","title":{"rendered":"Mun\u00edcipio de Ansi\u00e3o cria canal de Web TV"},"content":{"rendered":"<table style=\"width: 100%;\" border=\"0\" cellspacing=\"5\" cellpadding=\"5\" align=\"justify\">\n<tbody>\n<tr>\n<td width=\"160\" valign=\"top\">\n<p align=\"justify\"><img decoding=\"async\" src=\"\/\/www.ticmais.pt\/ticmais\/imagens\/Ansiao%20apresenta%20canal%20de%20Web%20TV.jpg\" alt=\"\" \/><\/p>\n<\/td>\n<td valign=\"top\">\n<p align=\"justify\">A\u00a0<a href=\"http:\/\/www.cm-ansiao.pt\/\" target=\"_blank\">C\u00e2mara Municipal de Ansi\u00e3o<\/a> lan\u00e7ou recentemente um canal de televis\u00e3o na Internet, com o objectivo de transmitir acontecimentos do concelho. <br \/>\nA estreia do canal <a href=\"http:\/\/www.ansiao.tv\/\" target=\"_blank\">ansiao.tv<\/a> aconteceu com a emiss\u00e3o em directo da Tomada de Posse do Executivo Camar\u00e1rio e Assembleia Municipal.<\/p>\n<\/td>\n<\/tr>\n<\/tbody>\n<\/table>\n<p><!--more--><\/p>\n<table style=\"width: 100%;\" border=\"0\" cellspacing=\"5\" cellpadding=\"5\" align=\"justify\">\n<tbody>\n<tr>\n<td valign=\"top\">\n<p align=\"justify\">Dividido por v\u00e1rias sec\u00e7\u00f5es, o canal ansiao.tv ir\u00e1 transmitir eventos e v\u00eddeos dedicados\u00a0 a temas como Cultura, Educa\u00e7\u00e3o, Desporto ou Freguesias.\u00a0<\/p>\n<\/td>\n<\/tr>\n<tr>\n<td style=\"background-color: #e2dedf;\" valign=\"top\">Outras not\u00edcias:<br \/>\n<a href=\"http:\/\/www.cm-ansiao.pt\/default.aspx?module=DestaqueDisplay&amp;ID=359\" target=\"_blank\">Ansi\u00e3o aderiu ao projecto A Minha Rua<\/a><\/td>\n<\/tr>\n<\/tbody>\n<\/table>\n","protected":false},"excerpt":{"rendered":"<p>A\u00a0C\u00e2mara Municipal de Ansi\u00e3o lan\u00e7ou recentemente um canal de televis\u00e3o na Internet, com o objectivo de transmitir acontecimentos do concelho. A estreia do canal ansiao.tv aconteceu com a emiss\u00e3o em directo da Tomada de Posse do Executivo Camar\u00e1rio e Assembleia Municipal.<\/p>\n","protected":false},"author":1,"featured_media":0,"comment_status":"closed","ping_status":"closed","sticky":false,"template":"","format":"standard","meta":{"footnotes":""},"categories":[15],"tags":[522,12,166],"class_list":["post-2127","post","type-post","status-publish","format-standard","hentry","category-tic-mais","tag-ansiao","tag-municipios","tag-televisao"],"_links":{"self":[{"href":"https:\/\/www.ticmais.pt\/index.php?rest_route=\/wp\/v2\/posts\/2127","targetHints":{"allow":["GET"]}}],"collection":[{"href":"https:\/\/www.ticmais.pt\/index.php?rest_route=\/wp\/v2\/posts"}],"about":[{"href":"https:\/\/www.ticmais.pt\/index.php?rest_route=\/wp\/v2\/types\/post"}],"author":[{"embeddable":true,"href":"https:\/\/www.ticmais.pt\/index.php?rest_route=\/wp\/v2\/users\/1"}],"replies":[{"embeddable":true,"href":"https:\/\/www.ticmais.pt\/index.php?rest_route=%2Fwp%2Fv2%2Fcomments&post=2127"}],"version-history":[{"count":0,"href":"https:\/\/www.ticmais.pt\/index.php?rest_route=\/wp\/v2\/posts\/2127\/revisions"}],"wp:attachment":[{"href":"https:\/\/www.ticmais.pt\/index.php?rest_route=%2Fwp%2Fv2%2Fmedia&parent=2127"}],"wp:term":[{"taxonomy":"category","embeddable":true,"href":"https:\/\/www.ticmais.pt\/index.php?rest_route=%2Fwp%2Fv2%2Fcategories&post=2127"},{"taxonomy":"post_tag","embeddable":true,"href":"https:\/\/www.ticmais.pt\/index.php?rest_route=%2Fwp%2Fv2%2Ftags&post=2127"}],"curies":[{"name":"wp","href":"https:\/\/api.w.org\/{rel}","templated":true}]}}