{"id":2134,"date":"2009-11-11T17:38:11","date_gmt":"2009-11-11T16:38:11","guid":{"rendered":"http:\/\/www.ticmais.pt\/?p=2134"},"modified":"2009-11-11T17:38:11","modified_gmt":"2009-11-11T16:38:11","slug":"formacao-em-informatica-no-seixal","status":"publish","type":"post","link":"https:\/\/www.ticmais.pt\/?p=2134","title":{"rendered":"Forma\u00e7\u00e3o em inform\u00e1tica no Seixal"},"content":{"rendered":"<table style=\"width: 100%;\" border=\"0\" cellspacing=\"5\" cellpadding=\"5\" align=\"justify\">\n<tbody>\n<tr>\n<td width=\"160\" valign=\"top\">\n<p align=\"justify\"><img decoding=\"async\" src=\"\/\/www.ticmais.pt\/ticmais\/imagens\/Formacao%20em%20informatica%20no%20Seixal.jpg\" alt=\"\" \/><\/p>\n<\/td>\n<td valign=\"top\">\n<p style=\"text-align: justify;\"><strong>A C\u00e2mara Municipal do Seixal est\u00e1 a promover aos s\u00e1bados sess\u00f5es de forma\u00e7\u00e3o em inform\u00e1tica.<\/strong><\/p>\n<p style=\"text-align: justify;\">Desenvolvida em parceria com a Associa\u00e7\u00e3o Rato \u2013 ADCC, a iniciativa \u00abAprender Numa Tarde\u00bb decorre aos s\u00e1bados entre as 15 e as 18 horas na Biblioteca Municipal do Seixal e destinam-se aos leitores e mun\u00edcipes seixalenses. <a href=\"http:\/\/www.i-gov.org\/index.php?article=11891&amp;visual=2\" target=\"_blank\">Mais&#8230;<\/a><\/p>\n<\/td>\n<\/tr>\n<\/tbody>\n<\/table>\n<p><br class=\"spacer_\" \/><\/p>\n","protected":false},"excerpt":{"rendered":"<p>A C\u00e2mara Municipal do Seixal est\u00e1 a promover aos s\u00e1bados sess\u00f5es de forma\u00e7\u00e3o em inform\u00e1tica. Desenvolvida em parceria com a Associa\u00e7\u00e3o Rato \u2013 ADCC, a iniciativa \u00abAprender Numa Tarde\u00bb decorre aos s\u00e1bados entre as 15 e as 18 horas na Biblioteca Municipal do Seixal e destinam-se aos leitores e mun\u00edcipes seixalenses. Mais&#8230;<\/p>\n","protected":false},"author":1,"featured_media":0,"comment_status":"closed","ping_status":"closed","sticky":false,"template":"","format":"standard","meta":{"footnotes":""},"categories":[15],"tags":[21,8,12,19],"class_list":["post-2134","post","type-post","status-publish","format-standard","hentry","category-tic-mais","tag-formacao","tag-inclusao-digital","tag-municipios","tag-sociedade-do-conhecinentoda-informacao"],"_links":{"self":[{"href":"https:\/\/www.ticmais.pt\/index.php?rest_route=\/wp\/v2\/posts\/2134","targetHints":{"allow":["GET"]}}],"collection":[{"href":"https:\/\/www.ticmais.pt\/index.php?rest_route=\/wp\/v2\/posts"}],"about":[{"href":"https:\/\/www.ticmais.pt\/index.php?rest_route=\/wp\/v2\/types\/post"}],"author":[{"embeddable":true,"href":"https:\/\/www.ticmais.pt\/index.php?rest_route=\/wp\/v2\/users\/1"}],"replies":[{"embeddable":true,"href":"https:\/\/www.ticmais.pt\/index.php?rest_route=%2Fwp%2Fv2%2Fcomments&post=2134"}],"version-history":[{"count":0,"href":"https:\/\/www.ticmais.pt\/index.php?rest_route=\/wp\/v2\/posts\/2134\/revisions"}],"wp:attachment":[{"href":"https:\/\/www.ticmais.pt\/index.php?rest_route=%2Fwp%2Fv2%2Fmedia&parent=2134"}],"wp:term":[{"taxonomy":"category","embeddable":true,"href":"https:\/\/www.ticmais.pt\/index.php?rest_route=%2Fwp%2Fv2%2Fcategories&post=2134"},{"taxonomy":"post_tag","embeddable":true,"href":"https:\/\/www.ticmais.pt\/index.php?rest_route=%2Fwp%2Fv2%2Ftags&post=2134"}],"curies":[{"name":"wp","href":"https:\/\/api.w.org\/{rel}","templated":true}]}}