{"id":2149,"date":"2009-11-18T18:21:44","date_gmt":"2009-11-18T17:21:44","guid":{"rendered":"http:\/\/www.ticmais.pt\/?p=2149"},"modified":"2009-11-18T18:21:44","modified_gmt":"2009-11-18T17:21:44","slug":"microsoft-na-nuvem-a-partir-de-janeiro","status":"publish","type":"post","link":"https:\/\/www.ticmais.pt\/?p=2149","title":{"rendered":"Microsoft na nuvem a partir de Janeiro"},"content":{"rendered":"<table style=\"width: 100%;\" border=\"0\" cellspacing=\"5\" cellpadding=\"5\" align=\"justify\">\n<tbody>\n<tr>\n<td width=\"160\" valign=\"top\">\n<p align=\"justify\"><img decoding=\"async\" src=\"\/\/www.ticmais.pt\/ticmais\/imagens\/Microsoft%20na%20nuvem%20a%20partir%20de%20Janeiro.jpg\" alt=\"\" \/><\/p>\n<\/td>\n<td valign=\"top\">\n<p style=\"text-align: justify;\">A Microsoft aproveitou a sua confer\u00eancia anual de programadores para anunciar o lan\u00e7amento comercial da Azure. A plataforma da gigante da inform\u00e1tica para a computa\u00e7\u00e3o na nuvem vai estar dispon\u00edvel a partir do pr\u00f3ximo ano. <a href=\"http:\/\/tek.sapo.pt\/noticias\/computadores\/microsoft_na_nuvem_a_partir_de_janeiro_1030939.html\" target=\"_blank\">Mais&#8230;<\/a><\/p>\n<\/td>\n<\/tr>\n<\/tbody>\n<\/table>\n<p><br class=\"spacer_\" \/><\/p>\n","protected":false},"excerpt":{"rendered":"<p>A Microsoft aproveitou a sua confer\u00eancia anual de programadores para anunciar o lan\u00e7amento comercial da Azure. A plataforma da gigante da inform\u00e1tica para a computa\u00e7\u00e3o na nuvem vai estar dispon\u00edvel a partir do pr\u00f3ximo ano. Mais&#8230;<\/p>\n","protected":false},"author":1,"featured_media":0,"comment_status":"closed","ping_status":"closed","sticky":false,"template":"","format":"standard","meta":{"footnotes":""},"categories":[15],"tags":[539,458,540,541],"class_list":["post-2149","post","type-post","status-publish","format-standard","hentry","category-tic-mais","tag-azure","tag-cloud-computing","tag-computacao","tag-nuvem"],"_links":{"self":[{"href":"https:\/\/www.ticmais.pt\/index.php?rest_route=\/wp\/v2\/posts\/2149","targetHints":{"allow":["GET"]}}],"collection":[{"href":"https:\/\/www.ticmais.pt\/index.php?rest_route=\/wp\/v2\/posts"}],"about":[{"href":"https:\/\/www.ticmais.pt\/index.php?rest_route=\/wp\/v2\/types\/post"}],"author":[{"embeddable":true,"href":"https:\/\/www.ticmais.pt\/index.php?rest_route=\/wp\/v2\/users\/1"}],"replies":[{"embeddable":true,"href":"https:\/\/www.ticmais.pt\/index.php?rest_route=%2Fwp%2Fv2%2Fcomments&post=2149"}],"version-history":[{"count":0,"href":"https:\/\/www.ticmais.pt\/index.php?rest_route=\/wp\/v2\/posts\/2149\/revisions"}],"wp:attachment":[{"href":"https:\/\/www.ticmais.pt\/index.php?rest_route=%2Fwp%2Fv2%2Fmedia&parent=2149"}],"wp:term":[{"taxonomy":"category","embeddable":true,"href":"https:\/\/www.ticmais.pt\/index.php?rest_route=%2Fwp%2Fv2%2Fcategories&post=2149"},{"taxonomy":"post_tag","embeddable":true,"href":"https:\/\/www.ticmais.pt\/index.php?rest_route=%2Fwp%2Fv2%2Ftags&post=2149"}],"curies":[{"name":"wp","href":"https:\/\/api.w.org\/{rel}","templated":true}]}}