{"id":2154,"date":"2009-11-20T03:20:32","date_gmt":"2009-11-20T02:20:32","guid":{"rendered":"http:\/\/www.ticmais.pt\/?p=2154"},"modified":"2009-11-20T03:20:32","modified_gmt":"2009-11-20T02:20:32","slug":"19%c2%ba-congresso-da-apdc-modelo-escolhido-para-fibra-volta-a-dividir-operadores","status":"publish","type":"post","link":"https:\/\/www.ticmais.pt\/?p=2154","title":{"rendered":"19\u00ba Congresso da APDC &#8211; Modelo escolhido para fibra volta a dividir operadores"},"content":{"rendered":"<table style=\"width: 100%;\" border=\"0\" cellspacing=\"5\" cellpadding=\"5\" align=\"justify\">\n<tbody>\n<tr>\n<td width=\"160\" valign=\"top\">\n<p align=\"justify\"><img decoding=\"async\" src=\"\/\/www.ticmais.pt\/ticmais\/imagens\/19%20Congresso%20da%20APDC%20%20Modelo%20escolhido%20para%20fibra%20volta%20a%20dividir%20operadores.jpg\" alt=\"\" \/><\/p>\n<\/td>\n<td valign=\"top\">\n<p align=\"justify\">Como n\u00e3o podia deixar de ser, as Redes de Nova Gera\u00e7\u00e3o estiveram em foco no debate do Estado da Na\u00e7\u00e3o, do 19\u00ba Congresso da APDC, onde alguns operadores voltaram a contestar o modelo escolhido para a cria\u00e7\u00e3o destas redes, alegando que podem limitar a capacidade de investimento do sector e criar novos monop\u00f3lios. <a href=\"http:\/\/tek.sapo.pt\/noticias\/telecomunicacoes\/19_congresso_da_apdc_modelo_escolhido_para_fi_1031151.html\" target=\"_blank\">Mais&#8230;<\/a><\/p>\n<\/td>\n<\/tr>\n<\/tbody>\n<\/table>\n<p><br class=\"spacer_\" \/><\/p>\n","protected":false},"excerpt":{"rendered":"<p>Como n\u00e3o podia deixar de ser, as Redes de Nova Gera\u00e7\u00e3o estiveram em foco no debate do Estado da Na\u00e7\u00e3o, do 19\u00ba Congresso da APDC, onde alguns operadores voltaram a contestar o modelo escolhido para a cria\u00e7\u00e3o destas redes, alegando que podem limitar a capacidade de investimento do sector e criar novos monop\u00f3lios. Mais&#8230;<\/p>\n","protected":false},"author":1,"featured_media":0,"comment_status":"closed","ping_status":"closed","sticky":false,"template":"","format":"standard","meta":{"footnotes":""},"categories":[15],"tags":[544,124,86],"class_list":["post-2154","post","type-post","status-publish","format-standard","hentry","category-tic-mais","tag-apdc","tag-fibra-optica","tag-redes"],"_links":{"self":[{"href":"https:\/\/www.ticmais.pt\/index.php?rest_route=\/wp\/v2\/posts\/2154","targetHints":{"allow":["GET"]}}],"collection":[{"href":"https:\/\/www.ticmais.pt\/index.php?rest_route=\/wp\/v2\/posts"}],"about":[{"href":"https:\/\/www.ticmais.pt\/index.php?rest_route=\/wp\/v2\/types\/post"}],"author":[{"embeddable":true,"href":"https:\/\/www.ticmais.pt\/index.php?rest_route=\/wp\/v2\/users\/1"}],"replies":[{"embeddable":true,"href":"https:\/\/www.ticmais.pt\/index.php?rest_route=%2Fwp%2Fv2%2Fcomments&post=2154"}],"version-history":[{"count":0,"href":"https:\/\/www.ticmais.pt\/index.php?rest_route=\/wp\/v2\/posts\/2154\/revisions"}],"wp:attachment":[{"href":"https:\/\/www.ticmais.pt\/index.php?rest_route=%2Fwp%2Fv2%2Fmedia&parent=2154"}],"wp:term":[{"taxonomy":"category","embeddable":true,"href":"https:\/\/www.ticmais.pt\/index.php?rest_route=%2Fwp%2Fv2%2Fcategories&post=2154"},{"taxonomy":"post_tag","embeddable":true,"href":"https:\/\/www.ticmais.pt\/index.php?rest_route=%2Fwp%2Fv2%2Ftags&post=2154"}],"curies":[{"name":"wp","href":"https:\/\/api.w.org\/{rel}","templated":true}]}}