{"id":2160,"date":"2009-11-23T03:01:07","date_gmt":"2009-11-23T02:01:07","guid":{"rendered":"http:\/\/www.ticmais.pt\/?p=2160"},"modified":"2009-11-23T03:01:07","modified_gmt":"2009-11-23T02:01:07","slug":"ue-prepara-legislacao-para-reforcar-acessos-a-internet","status":"publish","type":"post","link":"https:\/\/www.ticmais.pt\/?p=2160","title":{"rendered":"UE prepara legisla\u00e7\u00e3o para refor\u00e7ar acessos \u00e0 Internet"},"content":{"rendered":"<table style=\"width: 100%;\" border=\"0\" cellspacing=\"5\" cellpadding=\"5\" align=\"justify\">\n<tbody>\n<tr>\n<td width=\"160\" valign=\"top\">\n<p align=\"justify\"><img decoding=\"async\" src=\"\/\/www.ticmais.pt\/ticmais\/imagens\/UE%20prepara%20legislacao%20para%20reforcar%20acessos%20a%20Internet.jpg\" alt=\"\" \/><\/p>\n<\/td>\n<td valign=\"top\">\n<p style=\"text-align: justify;\">O Parlamento Europeu reunido em sess\u00e3o plen\u00e1ria de segunda a quinta-feira em Estrasburgo ir\u00e1 aprovar a nova legisla\u00e7\u00e3o europeia para o sector das telecomunica\u00e7\u00f5es que dever\u00e1 refor\u00e7ar os direitos dos utilizadores de telefone fixo e m\u00f3vel e dos internautas. <a href=\"http:\/\/www.agenciafinanceira.iol.pt\/economia\/internet-telecomunicacoes-bruxelas-europa\/1104966-1730.html\" target=\"_blank\">Mais&#8230;<\/a><\/p>\n<\/td>\n<\/tr>\n<\/tbody>\n<\/table>\n<p><br class=\"spacer_\" \/><\/p>\n","protected":false},"excerpt":{"rendered":"<p>O Parlamento Europeu reunido em sess\u00e3o plen\u00e1ria de segunda a quinta-feira em Estrasburgo ir\u00e1 aprovar a nova legisla\u00e7\u00e3o europeia para o sector das telecomunica\u00e7\u00f5es que dever\u00e1 refor\u00e7ar os direitos dos utilizadores de telefone fixo e m\u00f3vel e dos internautas. Mais&#8230;<\/p>\n","protected":false},"author":1,"featured_media":0,"comment_status":"closed","ping_status":"closed","sticky":false,"template":"","format":"standard","meta":{"footnotes":""},"categories":[15],"tags":[213,35,99],"class_list":["post-2160","post","type-post","status-publish","format-standard","hentry","category-tic-mais","tag-legislacao","tag-telecomunicacoes","tag-uniao-europeia"],"_links":{"self":[{"href":"https:\/\/www.ticmais.pt\/index.php?rest_route=\/wp\/v2\/posts\/2160","targetHints":{"allow":["GET"]}}],"collection":[{"href":"https:\/\/www.ticmais.pt\/index.php?rest_route=\/wp\/v2\/posts"}],"about":[{"href":"https:\/\/www.ticmais.pt\/index.php?rest_route=\/wp\/v2\/types\/post"}],"author":[{"embeddable":true,"href":"https:\/\/www.ticmais.pt\/index.php?rest_route=\/wp\/v2\/users\/1"}],"replies":[{"embeddable":true,"href":"https:\/\/www.ticmais.pt\/index.php?rest_route=%2Fwp%2Fv2%2Fcomments&post=2160"}],"version-history":[{"count":0,"href":"https:\/\/www.ticmais.pt\/index.php?rest_route=\/wp\/v2\/posts\/2160\/revisions"}],"wp:attachment":[{"href":"https:\/\/www.ticmais.pt\/index.php?rest_route=%2Fwp%2Fv2%2Fmedia&parent=2160"}],"wp:term":[{"taxonomy":"category","embeddable":true,"href":"https:\/\/www.ticmais.pt\/index.php?rest_route=%2Fwp%2Fv2%2Fcategories&post=2160"},{"taxonomy":"post_tag","embeddable":true,"href":"https:\/\/www.ticmais.pt\/index.php?rest_route=%2Fwp%2Fv2%2Ftags&post=2160"}],"curies":[{"name":"wp","href":"https:\/\/api.w.org\/{rel}","templated":true}]}}