{"id":2169,"date":"2009-11-24T19:19:02","date_gmt":"2009-11-24T18:19:02","guid":{"rendered":"http:\/\/www.ticmais.pt\/?p=2169"},"modified":"2009-11-24T19:19:02","modified_gmt":"2009-11-24T18:19:02","slug":"luz-verde-do-pe-as-novas-regras-para-as-telecom","status":"publish","type":"post","link":"https:\/\/www.ticmais.pt\/?p=2169","title":{"rendered":"Luz verde do PE \u00e0s novas regras para as telecom"},"content":{"rendered":"<table style=\"width: 100%;\" border=\"0\" cellspacing=\"5\" cellpadding=\"5\" align=\"justify\">\n<tbody>\n<tr>\n<td width=\"160\" valign=\"top\">\n<p align=\"justify\"><img decoding=\"async\" src=\"\/\/www.ticmais.pt\/ticmais\/imagens\/Luz%20verde%20do%20PE%20as%20novas%20regras%20para%20as%20telecom.jpg\" alt=\"\" \/><\/p>\n<\/td>\n<td valign=\"top\">\n<p align=\"justify\">Como se esperava, o Parlamento Europeu aprovou esta ter\u00e7a-feira o novo pacote de regras para a \u00e1rea das telecomunica\u00e7\u00f5es. O quadro legal foi adoptado na sua terceira leitura por 510 votos contra 40, registando-se 24 absten\u00e7\u00f5es, refere em comunicado. <a href=\"http:\/\/tek.sapo.pt\/noticias\/telecomunicacoes\/luz_verde_do_pe_as_novas_regras_para_as_telec_1031643.html\" target=\"_blank\">Mais&#8230;\u00a0<\/a><\/p>\n<\/td>\n<\/tr>\n<\/tbody>\n<\/table>\n<p><br class=\"spacer_\" \/><\/p>\n","protected":false},"excerpt":{"rendered":"<p>Como se esperava, o Parlamento Europeu aprovou esta ter\u00e7a-feira o novo pacote de regras para a \u00e1rea das telecomunica\u00e7\u00f5es. O quadro legal foi adoptado na sua terceira leitura por 510 votos contra 40, registando-se 24 absten\u00e7\u00f5es, refere em comunicado. Mais&#8230;\u00a0<\/p>\n","protected":false},"author":1,"featured_media":0,"comment_status":"closed","ping_status":"closed","sticky":false,"template":"","format":"standard","meta":{"footnotes":""},"categories":[15],"tags":[553,34,248,35],"class_list":["post-2169","post","type-post","status-publish","format-standard","hentry","category-tic-mais","tag-corte","tag-internet","tag-parlamento-europeu","tag-telecomunicacoes"],"_links":{"self":[{"href":"https:\/\/www.ticmais.pt\/index.php?rest_route=\/wp\/v2\/posts\/2169","targetHints":{"allow":["GET"]}}],"collection":[{"href":"https:\/\/www.ticmais.pt\/index.php?rest_route=\/wp\/v2\/posts"}],"about":[{"href":"https:\/\/www.ticmais.pt\/index.php?rest_route=\/wp\/v2\/types\/post"}],"author":[{"embeddable":true,"href":"https:\/\/www.ticmais.pt\/index.php?rest_route=\/wp\/v2\/users\/1"}],"replies":[{"embeddable":true,"href":"https:\/\/www.ticmais.pt\/index.php?rest_route=%2Fwp%2Fv2%2Fcomments&post=2169"}],"version-history":[{"count":0,"href":"https:\/\/www.ticmais.pt\/index.php?rest_route=\/wp\/v2\/posts\/2169\/revisions"}],"wp:attachment":[{"href":"https:\/\/www.ticmais.pt\/index.php?rest_route=%2Fwp%2Fv2%2Fmedia&parent=2169"}],"wp:term":[{"taxonomy":"category","embeddable":true,"href":"https:\/\/www.ticmais.pt\/index.php?rest_route=%2Fwp%2Fv2%2Fcategories&post=2169"},{"taxonomy":"post_tag","embeddable":true,"href":"https:\/\/www.ticmais.pt\/index.php?rest_route=%2Fwp%2Fv2%2Ftags&post=2169"}],"curies":[{"name":"wp","href":"https:\/\/api.w.org\/{rel}","templated":true}]}}