{"id":2172,"date":"2009-11-25T14:56:57","date_gmt":"2009-11-25T13:56:57","guid":{"rendered":"http:\/\/www.ticmais.pt\/?p=2172"},"modified":"2009-11-25T14:56:57","modified_gmt":"2009-11-25T13:56:57","slug":"estrategia-eu-2010-em-consulta-publica","status":"publish","type":"post","link":"https:\/\/www.ticmais.pt\/?p=2172","title":{"rendered":"Estrat\u00e9gia EU 2010 em consulta p\u00fablica"},"content":{"rendered":"<table style=\"width: 100%;\" border=\"0\" cellspacing=\"5\" cellpadding=\"5\" align=\"justify\">\n<tbody>\n<tr>\n<td width=\"160\" valign=\"top\">\n<p align=\"justify\"><img decoding=\"async\" src=\"\/\/www.ticmais.pt\/ticmais\/imagens\/Estrategia%20EU%202010%20em%20consulta%20publica.jpg\" alt=\"\" \/><\/p>\n<\/td>\n<td valign=\"top\">\n<p align=\"justify\">A Comiss\u00e3o Europeia apresentou ontem a EU 2020 que perspectiva os objectivos da Uni\u00e3o Europeia nesse universo temporal, tendo em conta as mudan\u00e7as impostas pela crise e as \u00e1reas que os organismos decisores europeus t\u00eam vindo a definir como estrat\u00e9gicas para o crescimento da Europa. <a href=\"http:\/\/tek.sapo.pt\/noticias\/telecomunicacoes\/estrategia_eu_2010_em_consulta_publica_1031679.html\" target=\"_blank\">Mais&#8230;<\/a><\/p>\n<\/td>\n<\/tr>\n<\/tbody>\n<\/table>\n<p><br class=\"spacer_\" \/><\/p>\n","protected":false},"excerpt":{"rendered":"<p>A Comiss\u00e3o Europeia apresentou ontem a EU 2020 que perspectiva os objectivos da Uni\u00e3o Europeia nesse universo temporal, tendo em conta as mudan\u00e7as impostas pela crise e as \u00e1reas que os organismos decisores europeus t\u00eam vindo a definir como estrat\u00e9gicas para o crescimento da Europa. Mais&#8230;<\/p>\n","protected":false},"author":1,"featured_media":0,"comment_status":"closed","ping_status":"closed","sticky":false,"template":"","format":"standard","meta":{"footnotes":""},"categories":[15],"tags":[8,19,363,99],"class_list":["post-2172","post","type-post","status-publish","format-standard","hentry","category-tic-mais","tag-inclusao-digital","tag-sociedade-do-conhecinentoda-informacao","tag-tic","tag-uniao-europeia"],"_links":{"self":[{"href":"https:\/\/www.ticmais.pt\/index.php?rest_route=\/wp\/v2\/posts\/2172","targetHints":{"allow":["GET"]}}],"collection":[{"href":"https:\/\/www.ticmais.pt\/index.php?rest_route=\/wp\/v2\/posts"}],"about":[{"href":"https:\/\/www.ticmais.pt\/index.php?rest_route=\/wp\/v2\/types\/post"}],"author":[{"embeddable":true,"href":"https:\/\/www.ticmais.pt\/index.php?rest_route=\/wp\/v2\/users\/1"}],"replies":[{"embeddable":true,"href":"https:\/\/www.ticmais.pt\/index.php?rest_route=%2Fwp%2Fv2%2Fcomments&post=2172"}],"version-history":[{"count":0,"href":"https:\/\/www.ticmais.pt\/index.php?rest_route=\/wp\/v2\/posts\/2172\/revisions"}],"wp:attachment":[{"href":"https:\/\/www.ticmais.pt\/index.php?rest_route=%2Fwp%2Fv2%2Fmedia&parent=2172"}],"wp:term":[{"taxonomy":"category","embeddable":true,"href":"https:\/\/www.ticmais.pt\/index.php?rest_route=%2Fwp%2Fv2%2Fcategories&post=2172"},{"taxonomy":"post_tag","embeddable":true,"href":"https:\/\/www.ticmais.pt\/index.php?rest_route=%2Fwp%2Fv2%2Ftags&post=2172"}],"curies":[{"name":"wp","href":"https:\/\/api.w.org\/{rel}","templated":true}]}}