{"id":2177,"date":"2009-11-26T19:05:50","date_gmt":"2009-11-26T18:05:50","guid":{"rendered":"http:\/\/www.ticmais.pt\/?p=2177"},"modified":"2009-11-26T19:05:50","modified_gmt":"2009-11-26T18:05:50","slug":"afinal-a-uniao-europeia-permite-corte-de-internet-sem-recurso-a-tribunais","status":"publish","type":"post","link":"https:\/\/www.ticmais.pt\/?p=2177","title":{"rendered":"Afinal, a Uni\u00e3o Europeia permite corte de Internet sem recurso a tribunais"},"content":{"rendered":"<table style=\"width: 100%;\" border=\"0\" cellspacing=\"5\" cellpadding=\"5\" align=\"justify\">\n<tbody>\n<tr>\n<td width=\"160\" valign=\"top\">\n<p align=\"justify\"><img decoding=\"async\" src=\"\/\/www.ticmais.pt\/ticmais\/imagens\/Afinal%20a%20Uniao%20Europeia%20permite%20corte%20de%20Internet%20sem%20recurso%20a%20tribunais.jpg\" alt=\"\" \/><\/p>\n<\/td>\n<td valign=\"top\">\n<p style=\"text-align: justify;\">A regra aprovada esta semana foi considerada amb\u00edgua e deu origem a muita confus\u00e3o, mas o site do Parlamento Europeu esclarece: a suspens\u00e3o do acesso \u00e0 Internet, nomeadamente para combater a pirataria online, poder\u00e1 ser feita sem ordem judicial. <a href=\"http:\/\/www.publico.clix.pt\/Tecnologia\/afinal-a-uniao-europeia-permite-corte-de-internet-sem-recurso-a-tribunais_1411558?utm_source=feedburner&amp;utm_medium=feed&amp;utm_campaign=Feed:%20PublicoRSS%20(Publico.pt)\" target=\"_blank\">Mais&#8230;<\/a><\/p>\n<\/td>\n<\/tr>\n<\/tbody>\n<\/table>\n<p><br class=\"spacer_\" \/><\/p>\n","protected":false},"excerpt":{"rendered":"<p>A regra aprovada esta semana foi considerada amb\u00edgua e deu origem a muita confus\u00e3o, mas o site do Parlamento Europeu esclarece: a suspens\u00e3o do acesso \u00e0 Internet, nomeadamente para combater a pirataria online, poder\u00e1 ser feita sem ordem judicial. Mais&#8230;<\/p>\n","protected":false},"author":1,"featured_media":0,"comment_status":"closed","ping_status":"closed","sticky":false,"template":"","format":"standard","meta":{"footnotes":""},"categories":[15],"tags":[553,34,288,213,248],"class_list":["post-2177","post","type-post","status-publish","format-standard","hentry","category-tic-mais","tag-corte","tag-internet","tag-justica","tag-legislacao","tag-parlamento-europeu"],"_links":{"self":[{"href":"https:\/\/www.ticmais.pt\/index.php?rest_route=\/wp\/v2\/posts\/2177","targetHints":{"allow":["GET"]}}],"collection":[{"href":"https:\/\/www.ticmais.pt\/index.php?rest_route=\/wp\/v2\/posts"}],"about":[{"href":"https:\/\/www.ticmais.pt\/index.php?rest_route=\/wp\/v2\/types\/post"}],"author":[{"embeddable":true,"href":"https:\/\/www.ticmais.pt\/index.php?rest_route=\/wp\/v2\/users\/1"}],"replies":[{"embeddable":true,"href":"https:\/\/www.ticmais.pt\/index.php?rest_route=%2Fwp%2Fv2%2Fcomments&post=2177"}],"version-history":[{"count":0,"href":"https:\/\/www.ticmais.pt\/index.php?rest_route=\/wp\/v2\/posts\/2177\/revisions"}],"wp:attachment":[{"href":"https:\/\/www.ticmais.pt\/index.php?rest_route=%2Fwp%2Fv2%2Fmedia&parent=2177"}],"wp:term":[{"taxonomy":"category","embeddable":true,"href":"https:\/\/www.ticmais.pt\/index.php?rest_route=%2Fwp%2Fv2%2Fcategories&post=2177"},{"taxonomy":"post_tag","embeddable":true,"href":"https:\/\/www.ticmais.pt\/index.php?rest_route=%2Fwp%2Fv2%2Ftags&post=2177"}],"curies":[{"name":"wp","href":"https:\/\/api.w.org\/{rel}","templated":true}]}}