{"id":2180,"date":"2009-11-30T01:47:49","date_gmt":"2009-11-30T00:47:49","guid":{"rendered":"http:\/\/www.ticmais.pt\/?p=2180"},"modified":"2009-11-30T01:47:49","modified_gmt":"2009-11-30T00:47:49","slug":"europa-nao-se-pode-atrasar-mais-nas-redes-de-fibra-optica","status":"publish","type":"post","link":"https:\/\/www.ticmais.pt\/?p=2180","title":{"rendered":"Europa n\u00e3o se pode atrasar mais nas redes de fibra \u00f3ptica"},"content":{"rendered":"<table style=\"width: 100%;\" border=\"0\" cellspacing=\"5\" cellpadding=\"5\" align=\"justify\">\n<tbody>\n<tr>\n<td width=\"160\" valign=\"top\">\n<p align=\"justify\"><img decoding=\"async\" src=\"\/\/www.ticmais.pt\/ticmais\/imagens\/Europa%20nao%20se%20pode%20atrasar%20mais%20nas%20redes%20de%20fibra%20optica.jpg\" alt=\"\" \/><\/p>\n<\/td>\n<td valign=\"top\">\n<p align=\"justify\">A Europa n\u00e3o se pode atrasar mais no desenvolvimento das redes ultra-r\u00e1pidas, sob pena de perder competitividade face a outras regi\u00f5es. O &#8220;velho&#8221; Continente j\u00e1 leva um atraso de quatro anos em rela\u00e7\u00e3o aos Estados Unidos da Am\u00e9rica e oito anos face a alguns pa\u00edses asi\u00e1ticos. <a href=\"http:\/\/www.jornaldenegocios.pt\/index.php?template=SHOWNEWS&amp;id=398485\" target=\"_blank\">Mais&#8230;<\/a><\/p>\n<\/td>\n<\/tr>\n<\/tbody>\n<\/table>\n<p><br class=\"spacer_\" \/><\/p>\n","protected":false},"excerpt":{"rendered":"<p>A Europa n\u00e3o se pode atrasar mais no desenvolvimento das redes ultra-r\u00e1pidas, sob pena de perder competitividade face a outras regi\u00f5es. O &#8220;velho&#8221; Continente j\u00e1 leva um atraso de quatro anos em rela\u00e7\u00e3o aos Estados Unidos da Am\u00e9rica e oito anos face a alguns pa\u00edses asi\u00e1ticos. Mais&#8230;<\/p>\n","protected":false},"author":1,"featured_media":0,"comment_status":"closed","ping_status":"closed","sticky":false,"template":"","format":"standard","meta":{"footnotes":""},"categories":[15],"tags":[559,124,86],"class_list":["post-2180","post","type-post","status-publish","format-standard","hentry","category-tic-mais","tag-europa","tag-fibra-optica","tag-redes"],"_links":{"self":[{"href":"https:\/\/www.ticmais.pt\/index.php?rest_route=\/wp\/v2\/posts\/2180","targetHints":{"allow":["GET"]}}],"collection":[{"href":"https:\/\/www.ticmais.pt\/index.php?rest_route=\/wp\/v2\/posts"}],"about":[{"href":"https:\/\/www.ticmais.pt\/index.php?rest_route=\/wp\/v2\/types\/post"}],"author":[{"embeddable":true,"href":"https:\/\/www.ticmais.pt\/index.php?rest_route=\/wp\/v2\/users\/1"}],"replies":[{"embeddable":true,"href":"https:\/\/www.ticmais.pt\/index.php?rest_route=%2Fwp%2Fv2%2Fcomments&post=2180"}],"version-history":[{"count":0,"href":"https:\/\/www.ticmais.pt\/index.php?rest_route=\/wp\/v2\/posts\/2180\/revisions"}],"wp:attachment":[{"href":"https:\/\/www.ticmais.pt\/index.php?rest_route=%2Fwp%2Fv2%2Fmedia&parent=2180"}],"wp:term":[{"taxonomy":"category","embeddable":true,"href":"https:\/\/www.ticmais.pt\/index.php?rest_route=%2Fwp%2Fv2%2Fcategories&post=2180"},{"taxonomy":"post_tag","embeddable":true,"href":"https:\/\/www.ticmais.pt\/index.php?rest_route=%2Fwp%2Fv2%2Ftags&post=2180"}],"curies":[{"name":"wp","href":"https:\/\/api.w.org\/{rel}","templated":true}]}}