{"id":2182,"date":"2009-12-01T18:20:09","date_gmt":"2009-12-01T17:20:09","guid":{"rendered":"http:\/\/www.ticmais.pt\/?p=2182"},"modified":"2009-12-01T18:20:09","modified_gmt":"2009-12-01T17:20:09","slug":"espanha-preparada-para-desligar-tv-analogica","status":"publish","type":"post","link":"https:\/\/www.ticmais.pt\/?p=2182","title":{"rendered":"Espanha preparada para desligar TV anal\u00f3gica"},"content":{"rendered":"<table style=\"width: 100%;\" border=\"0\" cellspacing=\"5\" cellpadding=\"5\" align=\"justify\">\n<tbody>\n<tr>\n<td width=\"160\" valign=\"top\">\n<p align=\"justify\"><img decoding=\"async\" src=\"\/\/www.ticmais.pt\/ticmais\/imagens\/Espanha%20preparada%20para%20desligar%20TV%20analogica.jpg\" alt=\"\" \/><\/p>\n<\/td>\n<td valign=\"top\">\n<p align=\"justify\">A norma da Televis\u00e3o Digital Terrestre (TDT) \u00e9 j\u00e1 uma realidade em muitos lares espanh\u00f3is. Os dados mais recentes mostram que sete em cada 10 pr\u00e9dios (816.111 edif\u00edcios colectivos) est\u00e3o preparados para receber o novo sistema, que entrar\u00e1 em funcionamento a 3 de Abril de 2010, data em que cessam as emiss\u00f5es da televis\u00e3o anal\u00f3gica terrestre em Espanha. <a href=\"http:\/\/tek.sapo.pt\/noticias\/telecomunicacoes\/espanha_preparada_para_desligar_tv_analogica_1032632.html\" target=\"_blank\">Mais&#8230;<\/a>\u00a0<\/p>\n<\/td>\n<\/tr>\n<\/tbody>\n<\/table>\n<p><br class=\"spacer_\" \/><\/p>\n","protected":false},"excerpt":{"rendered":"<p>A norma da Televis\u00e3o Digital Terrestre (TDT) \u00e9 j\u00e1 uma realidade em muitos lares espanh\u00f3is. Os dados mais recentes mostram que sete em cada 10 pr\u00e9dios (816.111 edif\u00edcios colectivos) est\u00e3o preparados para receber o novo sistema, que entrar\u00e1 em funcionamento a 3 de Abril de 2010, data em que cessam as emiss\u00f5es da televis\u00e3o anal\u00f3gica [&hellip;]<\/p>\n","protected":false},"author":1,"featured_media":0,"comment_status":"closed","ping_status":"closed","sticky":false,"template":"","format":"standard","meta":{"footnotes":""},"categories":[15],"tags":[151,197],"class_list":["post-2182","post","type-post","status-publish","format-standard","hentry","category-tic-mais","tag-espanha","tag-tv-digital"],"_links":{"self":[{"href":"https:\/\/www.ticmais.pt\/index.php?rest_route=\/wp\/v2\/posts\/2182","targetHints":{"allow":["GET"]}}],"collection":[{"href":"https:\/\/www.ticmais.pt\/index.php?rest_route=\/wp\/v2\/posts"}],"about":[{"href":"https:\/\/www.ticmais.pt\/index.php?rest_route=\/wp\/v2\/types\/post"}],"author":[{"embeddable":true,"href":"https:\/\/www.ticmais.pt\/index.php?rest_route=\/wp\/v2\/users\/1"}],"replies":[{"embeddable":true,"href":"https:\/\/www.ticmais.pt\/index.php?rest_route=%2Fwp%2Fv2%2Fcomments&post=2182"}],"version-history":[{"count":0,"href":"https:\/\/www.ticmais.pt\/index.php?rest_route=\/wp\/v2\/posts\/2182\/revisions"}],"wp:attachment":[{"href":"https:\/\/www.ticmais.pt\/index.php?rest_route=%2Fwp%2Fv2%2Fmedia&parent=2182"}],"wp:term":[{"taxonomy":"category","embeddable":true,"href":"https:\/\/www.ticmais.pt\/index.php?rest_route=%2Fwp%2Fv2%2Fcategories&post=2182"},{"taxonomy":"post_tag","embeddable":true,"href":"https:\/\/www.ticmais.pt\/index.php?rest_route=%2Fwp%2Fv2%2Ftags&post=2182"}],"curies":[{"name":"wp","href":"https:\/\/api.w.org\/{rel}","templated":true}]}}