{"id":2193,"date":"2009-12-09T12:56:29","date_gmt":"2009-12-09T11:56:29","guid":{"rendered":"http:\/\/www.ticmais.pt\/?p=2193"},"modified":"2009-12-09T12:56:29","modified_gmt":"2009-12-09T11:56:29","slug":"portugal-atras-da-media-europeia-no-acesso-a-internet","status":"publish","type":"post","link":"https:\/\/www.ticmais.pt\/?p=2193","title":{"rendered":"Portugal atr\u00e1s da m\u00e9dia europeia no acesso \u00e0 Internet"},"content":{"rendered":"<table style=\"width: 100%;\" border=\"0\" cellspacing=\"5\" cellpadding=\"5\" align=\"justify\">\n<tbody>\n<tr>\n<td width=\"160\" valign=\"top\">\n<p align=\"justify\"><img decoding=\"async\" src=\"\/\/www.ticmais.pt\/ticmais\/imagens\/Portugal%20atras%20da%20media%20europeia%20no%20acesso%20a%20Internet.jpg\" alt=\"\" \/><\/p>\n<\/td>\n<td valign=\"top\">\n<p align=\"justify\">Metade dos portugueses usufrui hoje de acesso \u00e0 banda larga, um n\u00famero que \u00e9 inferior \u00e0 m\u00e9dia europeia, fixada nos 56 por cento, de acordo com um estudo divulgado pela Comiss\u00e3o Europeia. <a href=\"http:\/\/tek.sapo.pt\/noticias\/telecomunicacoes\/portugal_atras_da_media_europeia_no_acesso_a_1034065.html\" target=\"_blank\">Mais&#8230;<\/a><\/p>\n<\/td>\n<\/tr>\n<\/tbody>\n<\/table>\n<p><br class=\"spacer_\" \/><\/p>\n","protected":false},"excerpt":{"rendered":"<p>Metade dos portugueses usufrui hoje de acesso \u00e0 banda larga, um n\u00famero que \u00e9 inferior \u00e0 m\u00e9dia europeia, fixada nos 56 por cento, de acordo com um estudo divulgado pela Comiss\u00e3o Europeia. Mais&#8230;<\/p>\n","protected":false},"author":1,"featured_media":0,"comment_status":"closed","ping_status":"closed","sticky":false,"template":"","format":"standard","meta":{"footnotes":""},"categories":[15],"tags":[34,132,99],"class_list":["post-2193","post","type-post","status-publish","format-standard","hentry","category-tic-mais","tag-internet","tag-portugal","tag-uniao-europeia"],"_links":{"self":[{"href":"https:\/\/www.ticmais.pt\/index.php?rest_route=\/wp\/v2\/posts\/2193","targetHints":{"allow":["GET"]}}],"collection":[{"href":"https:\/\/www.ticmais.pt\/index.php?rest_route=\/wp\/v2\/posts"}],"about":[{"href":"https:\/\/www.ticmais.pt\/index.php?rest_route=\/wp\/v2\/types\/post"}],"author":[{"embeddable":true,"href":"https:\/\/www.ticmais.pt\/index.php?rest_route=\/wp\/v2\/users\/1"}],"replies":[{"embeddable":true,"href":"https:\/\/www.ticmais.pt\/index.php?rest_route=%2Fwp%2Fv2%2Fcomments&post=2193"}],"version-history":[{"count":0,"href":"https:\/\/www.ticmais.pt\/index.php?rest_route=\/wp\/v2\/posts\/2193\/revisions"}],"wp:attachment":[{"href":"https:\/\/www.ticmais.pt\/index.php?rest_route=%2Fwp%2Fv2%2Fmedia&parent=2193"}],"wp:term":[{"taxonomy":"category","embeddable":true,"href":"https:\/\/www.ticmais.pt\/index.php?rest_route=%2Fwp%2Fv2%2Fcategories&post=2193"},{"taxonomy":"post_tag","embeddable":true,"href":"https:\/\/www.ticmais.pt\/index.php?rest_route=%2Fwp%2Fv2%2Ftags&post=2193"}],"curies":[{"name":"wp","href":"https:\/\/api.w.org\/{rel}","templated":true}]}}