{"id":2196,"date":"2009-12-09T20:04:30","date_gmt":"2009-12-09T19:04:30","guid":{"rendered":"http:\/\/www.ticmais.pt\/?p=2196"},"modified":"2009-12-09T20:04:30","modified_gmt":"2009-12-09T19:04:30","slug":"magalhaes-longe-do-seu-potencial","status":"publish","type":"post","link":"https:\/\/www.ticmais.pt\/?p=2196","title":{"rendered":"Magalh\u00e3es longe do seu potencial"},"content":{"rendered":"<table style=\"width: 100%;\" border=\"0\" cellspacing=\"5\" cellpadding=\"5\" align=\"justify\">\n<tbody>\n<tr>\n<td width=\"160\" valign=\"top\">\n<p align=\"justify\"><img decoding=\"async\" src=\"\/\/www.ticmais.pt\/ticmais\/imagens\/Professores%20queixam-se%20da%20falta%20de%20formacao%20especifica%20para%20usar%20o%20Magalhaes.jpg\" alt=\"\" \/><\/p>\n<\/td>\n<td valign=\"top\">\n<p align=\"justify\"><strong>Faltam conte\u00fados e forma\u00e7\u00e3o ao Magalh\u00e3es<br \/>\n<\/strong>\u00a0 <br \/>\nDepois de assegurada a perspectiva da infra-estrutura, o programa Magalh\u00e3es carece, principalmente, de investimento ao n\u00edvel dos conte\u00fados e na forma\u00e7\u00e3o de professores, considera o Grupo de Alto N\u00edvel. <a href=\"http:\/\/tek.sapo.pt\/noticias\/computadores\/faltam_conteudos_e_formacao_ao_magalhaes_1034139.html\" target=\"_blank\">Mais&#8230;<\/a>\u00a0<\/p>\n<\/td>\n<\/tr>\n<\/tbody>\n<\/table>\n<p><br class=\"spacer_\" \/><\/p>\n","protected":false},"excerpt":{"rendered":"<p>Faltam conte\u00fados e forma\u00e7\u00e3o ao Magalh\u00e3es \u00a0 Depois de assegurada a perspectiva da infra-estrutura, o programa Magalh\u00e3es carece, principalmente, de investimento ao n\u00edvel dos conte\u00fados e na forma\u00e7\u00e3o de professores, considera o Grupo de Alto N\u00edvel. Mais&#8230;\u00a0<\/p>\n","protected":false},"author":1,"featured_media":0,"comment_status":"closed","ping_status":"closed","sticky":false,"template":"","format":"standard","meta":{"footnotes":""},"categories":[15],"tags":[565,63,21,8,64],"class_list":["post-2196","post","type-post","status-publish","format-standard","hentry","category-tic-mais","tag-apdsi","tag-e-escolinha","tag-formacao","tag-inclusao-digital","tag-magalhaes"],"_links":{"self":[{"href":"https:\/\/www.ticmais.pt\/index.php?rest_route=\/wp\/v2\/posts\/2196","targetHints":{"allow":["GET"]}}],"collection":[{"href":"https:\/\/www.ticmais.pt\/index.php?rest_route=\/wp\/v2\/posts"}],"about":[{"href":"https:\/\/www.ticmais.pt\/index.php?rest_route=\/wp\/v2\/types\/post"}],"author":[{"embeddable":true,"href":"https:\/\/www.ticmais.pt\/index.php?rest_route=\/wp\/v2\/users\/1"}],"replies":[{"embeddable":true,"href":"https:\/\/www.ticmais.pt\/index.php?rest_route=%2Fwp%2Fv2%2Fcomments&post=2196"}],"version-history":[{"count":0,"href":"https:\/\/www.ticmais.pt\/index.php?rest_route=\/wp\/v2\/posts\/2196\/revisions"}],"wp:attachment":[{"href":"https:\/\/www.ticmais.pt\/index.php?rest_route=%2Fwp%2Fv2%2Fmedia&parent=2196"}],"wp:term":[{"taxonomy":"category","embeddable":true,"href":"https:\/\/www.ticmais.pt\/index.php?rest_route=%2Fwp%2Fv2%2Fcategories&post=2196"},{"taxonomy":"post_tag","embeddable":true,"href":"https:\/\/www.ticmais.pt\/index.php?rest_route=%2Fwp%2Fv2%2Ftags&post=2196"}],"curies":[{"name":"wp","href":"https:\/\/api.w.org\/{rel}","templated":true}]}}