{"id":2223,"date":"2009-12-18T02:33:46","date_gmt":"2009-12-18T01:33:46","guid":{"rendered":"http:\/\/www.ticmais.pt\/?p=2223"},"modified":"2009-12-18T02:33:46","modified_gmt":"2009-12-18T01:33:46","slug":"qual-e-a-cidade-mais-verde-da-europa","status":"publish","type":"post","link":"https:\/\/www.ticmais.pt\/?p=2223","title":{"rendered":"Qual \u00e9 a cidade mais verde da Europa"},"content":{"rendered":"<table style=\"width: 100%;\" border=\"0\" cellspacing=\"5\" cellpadding=\"5\" align=\"justify\">\n<tbody>\n<tr>\n<td width=\"160\" valign=\"top\">\n<p align=\"justify\"><img decoding=\"async\" src=\"\/\/www.ticmais.pt\/ticmais\/imagens\/Qual%20e%20a%20cidade%20mais%20verde%20da%20Europa.jpg\" alt=\"\" \/><\/p>\n<\/td>\n<td valign=\"top\">\n<p align=\"justify\">Um ranking da revista The Economist para a Siemens tira a temperatura a 30 grandes capitais europeias.\u00a0 A grande vencedora \u00e9 Copenhaga e Lisboa est\u00e1 na 18\u00aa posi\u00e7\u00e3o. Conhe\u00e7a os resultados do primeiro \u00cdndice Europeu das Cidades Verdes. <a href=\"http:\/\/www.ionline.pt\/infografia\/24392-descubra-aqui-qual-e-cidade-mais-verde-da-europa\" target=\"_blank\">Mais\u2026\u00a0<\/a><\/p>\n<\/td>\n<\/tr>\n<\/tbody>\n<\/table>\n<p><br class=\"spacer_\" \/><\/p>\n","protected":false},"excerpt":{"rendered":"<p>Um ranking da revista The Economist para a Siemens tira a temperatura a 30 grandes capitais europeias.\u00a0 A grande vencedora \u00e9 Copenhaga e Lisboa est\u00e1 na 18\u00aa posi\u00e7\u00e3o. Conhe\u00e7a os resultados do primeiro \u00cdndice Europeu das Cidades Verdes. Mais\u2026\u00a0<\/p>\n","protected":false},"author":1,"featured_media":0,"comment_status":"closed","ping_status":"closed","sticky":false,"template":"","format":"standard","meta":{"footnotes":""},"categories":[15],"tags":[24,585,559,586,587],"class_list":["post-2223","post","type-post","status-publish","format-standard","hentry","category-tic-mais","tag-ambiente","tag-cidades-verdes","tag-europa","tag-siemens","tag-the-economist"],"_links":{"self":[{"href":"https:\/\/www.ticmais.pt\/index.php?rest_route=\/wp\/v2\/posts\/2223","targetHints":{"allow":["GET"]}}],"collection":[{"href":"https:\/\/www.ticmais.pt\/index.php?rest_route=\/wp\/v2\/posts"}],"about":[{"href":"https:\/\/www.ticmais.pt\/index.php?rest_route=\/wp\/v2\/types\/post"}],"author":[{"embeddable":true,"href":"https:\/\/www.ticmais.pt\/index.php?rest_route=\/wp\/v2\/users\/1"}],"replies":[{"embeddable":true,"href":"https:\/\/www.ticmais.pt\/index.php?rest_route=%2Fwp%2Fv2%2Fcomments&post=2223"}],"version-history":[{"count":0,"href":"https:\/\/www.ticmais.pt\/index.php?rest_route=\/wp\/v2\/posts\/2223\/revisions"}],"wp:attachment":[{"href":"https:\/\/www.ticmais.pt\/index.php?rest_route=%2Fwp%2Fv2%2Fmedia&parent=2223"}],"wp:term":[{"taxonomy":"category","embeddable":true,"href":"https:\/\/www.ticmais.pt\/index.php?rest_route=%2Fwp%2Fv2%2Fcategories&post=2223"},{"taxonomy":"post_tag","embeddable":true,"href":"https:\/\/www.ticmais.pt\/index.php?rest_route=%2Fwp%2Fv2%2Ftags&post=2223"}],"curies":[{"name":"wp","href":"https:\/\/api.w.org\/{rel}","templated":true}]}}