{"id":2228,"date":"2009-12-20T17:31:25","date_gmt":"2009-12-20T16:31:25","guid":{"rendered":"http:\/\/www.ticmais.pt\/?p=2228"},"modified":"2009-12-20T17:31:25","modified_gmt":"2009-12-20T16:31:25","slug":"participacao-civica-incomodem-por-que-e-que-nao-incomodam-mais","status":"publish","type":"post","link":"https:\/\/www.ticmais.pt\/?p=2228","title":{"rendered":"Participa\u00e7\u00e3o c\u00edvica: &#8220;Incomodem! Por que \u00e9 que n\u00e3o incomodam mais?&#8221;"},"content":{"rendered":"<table style=\"width: 100%;\" border=\"0\" cellspacing=\"5\" cellpadding=\"5\" align=\"justify\">\n<tbody>\n<tr>\n<td width=\"160\" valign=\"top\">\n<p align=\"justify\"><img decoding=\"async\" src=\"\/\/www.ticmais.pt\/ticmais\/imagens\/Participacao%20civica%20Incomodem%20Por%20que%20e%20que%20nao%20incomodam%20mais.jpg\" alt=\"\" \/><\/p>\n<\/td>\n<td valign=\"top\">\n<p style=\"text-align: justify;\">O alfinete de cabe\u00e7a amarela mant\u00e9m-se vai para dois meses espetado ao fundo da Rua do Alecrim, num mapa virtual de Lisboa povoado de pontinhos vermelhos.<br \/>\nCada ponto representa uma queixa por resolver. &#8220;O local \u00e9 cr\u00edtico a n\u00edvel de limpeza, mas \u00e9 regularmente limpo&#8221;, escreveram os servi\u00e7os camar\u00e1rios, \u00e0 laia de desculpa, numa nota anexa ao alfinete que teima em n\u00e3o passar a verde. <a href=\"http:\/\/www.publico.clix.pt\/Local\/participacao-civica-incomodem-por-que-e-que-nao-incomodam-mais_1414719\" target=\"_blank\">Mais&#8230;<\/a><\/p>\n<\/td>\n<\/tr>\n<\/tbody>\n<\/table>\n<p><br class=\"spacer_\" \/><\/p>\n","protected":false},"excerpt":{"rendered":"<p>O alfinete de cabe\u00e7a amarela mant\u00e9m-se vai para dois meses espetado ao fundo da Rua do Alecrim, num mapa virtual de Lisboa povoado de pontinhos vermelhos. Cada ponto representa uma queixa por resolver. &#8220;O local \u00e9 cr\u00edtico a n\u00edvel de limpeza, mas \u00e9 regularmente limpo&#8221;, escreveram os servi\u00e7os camar\u00e1rios, \u00e0 laia de desculpa, numa nota [&hellip;]<\/p>\n","protected":false},"author":1,"featured_media":0,"comment_status":"closed","ping_status":"closed","sticky":false,"template":"","format":"standard","meta":{"footnotes":""},"categories":[15],"tags":[5,10],"class_list":["post-2228","post","type-post","status-publish","format-standard","hentry","category-tic-mais","tag-cidadania","tag-movimentos-civicos"],"_links":{"self":[{"href":"https:\/\/www.ticmais.pt\/index.php?rest_route=\/wp\/v2\/posts\/2228","targetHints":{"allow":["GET"]}}],"collection":[{"href":"https:\/\/www.ticmais.pt\/index.php?rest_route=\/wp\/v2\/posts"}],"about":[{"href":"https:\/\/www.ticmais.pt\/index.php?rest_route=\/wp\/v2\/types\/post"}],"author":[{"embeddable":true,"href":"https:\/\/www.ticmais.pt\/index.php?rest_route=\/wp\/v2\/users\/1"}],"replies":[{"embeddable":true,"href":"https:\/\/www.ticmais.pt\/index.php?rest_route=%2Fwp%2Fv2%2Fcomments&post=2228"}],"version-history":[{"count":0,"href":"https:\/\/www.ticmais.pt\/index.php?rest_route=\/wp\/v2\/posts\/2228\/revisions"}],"wp:attachment":[{"href":"https:\/\/www.ticmais.pt\/index.php?rest_route=%2Fwp%2Fv2%2Fmedia&parent=2228"}],"wp:term":[{"taxonomy":"category","embeddable":true,"href":"https:\/\/www.ticmais.pt\/index.php?rest_route=%2Fwp%2Fv2%2Fcategories&post=2228"},{"taxonomy":"post_tag","embeddable":true,"href":"https:\/\/www.ticmais.pt\/index.php?rest_route=%2Fwp%2Fv2%2Ftags&post=2228"}],"curies":[{"name":"wp","href":"https:\/\/api.w.org\/{rel}","templated":true}]}}