{"id":2233,"date":"2009-12-23T01:16:40","date_gmt":"2009-12-23T00:16:40","guid":{"rendered":"http:\/\/www.ticmais.pt\/?p=2233"},"modified":"2009-12-23T01:16:40","modified_gmt":"2009-12-23T00:16:40","slug":"video-a-proxima-geracao-ja-cresceu-num-ambiente-predominantemente-digital","status":"publish","type":"post","link":"https:\/\/www.ticmais.pt\/?p=2233","title":{"rendered":"V\u00eddeo: A pr\u00f3xima gera\u00e7\u00e3o j\u00e1 cresceu num ambiente predominantemente digital"},"content":{"rendered":"<table style=\"width: 100%;\" border=\"0\" cellspacing=\"5\" cellpadding=\"5\" align=\"justify\">\n<tbody>\n<tr>\n<td width=\"160\" valign=\"top\">\n<p align=\"justify\"><img decoding=\"async\" src=\"\/\/www.ticmais.pt\/ticmais\/imagens\/Video%20A%20proxima%20geracao%20ja%20cresceu%20num%20ambiente%20predominantemente%20digital.PNG\" alt=\"\" \/><\/p>\n<\/td>\n<td valign=\"top\">\n<p align=\"justify\">Manuel Falc\u00e3o diz-lhe como se deve preparar para a sociedade da pr\u00f3xima d\u00e9cada. O director-geral da Nova Express\u00e3o acredita que a pr\u00f3xima d\u00e9cada vai alterar completamente a forma como nos relacionamos e trabalhamos. <a href=\"http:\/\/www.jornaldenegocios.pt\/index.php?template=SHOWNEWS&amp;id=401993\" target=\"_blank\">Mais&#8230;<\/a><\/p>\n<\/td>\n<\/tr>\n<\/tbody>\n<\/table>\n<p><br class=\"spacer_\" \/><\/p>\n","protected":false},"excerpt":{"rendered":"<p>Manuel Falc\u00e3o diz-lhe como se deve preparar para a sociedade da pr\u00f3xima d\u00e9cada. O director-geral da Nova Express\u00e3o acredita que a pr\u00f3xima d\u00e9cada vai alterar completamente a forma como nos relacionamos e trabalhamos. Mais&#8230;<\/p>\n","protected":false},"author":1,"featured_media":0,"comment_status":"closed","ping_status":"closed","sticky":false,"template":"","format":"standard","meta":{"footnotes":""},"categories":[15],"tags":[76,598,19,363],"class_list":["post-2233","post","type-post","status-publish","format-standard","hentry","category-tic-mais","tag-futurologia","tag-geracao-digital","tag-sociedade-do-conhecinentoda-informacao","tag-tic"],"_links":{"self":[{"href":"https:\/\/www.ticmais.pt\/index.php?rest_route=\/wp\/v2\/posts\/2233","targetHints":{"allow":["GET"]}}],"collection":[{"href":"https:\/\/www.ticmais.pt\/index.php?rest_route=\/wp\/v2\/posts"}],"about":[{"href":"https:\/\/www.ticmais.pt\/index.php?rest_route=\/wp\/v2\/types\/post"}],"author":[{"embeddable":true,"href":"https:\/\/www.ticmais.pt\/index.php?rest_route=\/wp\/v2\/users\/1"}],"replies":[{"embeddable":true,"href":"https:\/\/www.ticmais.pt\/index.php?rest_route=%2Fwp%2Fv2%2Fcomments&post=2233"}],"version-history":[{"count":0,"href":"https:\/\/www.ticmais.pt\/index.php?rest_route=\/wp\/v2\/posts\/2233\/revisions"}],"wp:attachment":[{"href":"https:\/\/www.ticmais.pt\/index.php?rest_route=%2Fwp%2Fv2%2Fmedia&parent=2233"}],"wp:term":[{"taxonomy":"category","embeddable":true,"href":"https:\/\/www.ticmais.pt\/index.php?rest_route=%2Fwp%2Fv2%2Fcategories&post=2233"},{"taxonomy":"post_tag","embeddable":true,"href":"https:\/\/www.ticmais.pt\/index.php?rest_route=%2Fwp%2Fv2%2Ftags&post=2233"}],"curies":[{"name":"wp","href":"https:\/\/api.w.org\/{rel}","templated":true}]}}