{"id":2243,"date":"2009-12-29T21:06:27","date_gmt":"2009-12-29T20:06:27","guid":{"rendered":"http:\/\/www.ticmais.pt\/?p=2243"},"modified":"2009-12-29T21:06:27","modified_gmt":"2009-12-29T20:06:27","slug":"fabricantes-de-pc-anunciam-netbooks-com-nova-geracao-de-processadores-atom","status":"publish","type":"post","link":"https:\/\/www.ticmais.pt\/?p=2243","title":{"rendered":"Fabricantes de PC anunciam netbooks com nova gera\u00e7\u00e3o de processadores Atom"},"content":{"rendered":"<table style=\"width: 100%;\" border=\"0\" cellspacing=\"5\" cellpadding=\"5\" align=\"justify\">\n<tbody>\n<tr>\n<td width=\"160\" valign=\"top\">\n<p><img decoding=\"async\" src=\"\/\/www.ticmais.pt\/ticmais\/imagens\/Fabricantes%20de%20PC%20anunciam%20netbooks%20com%20nova%20geracao%20de%20processadores%20Atom.jpg\" alt=\"\" \/><\/p>\n<\/td>\n<td valign=\"top\">\n<p style=\"text-align: justify;\">A Dell e a Fujitsu anunciaram a disponibilidade a n\u00edvel mundial de novos equipamentos baseados na mais recente gera\u00e7\u00e3o de processadores Atom da Intel que s\u00e3o de menor dimens\u00e3o e possuem uma autonomia superior a sete horas. <a href=\"http:\/\/www.computerworld.com.pt\/2009\/12\/22\/fabricantes-de-pc-anunciam-netbooks-com-nova-geracao-de-processadores-atom\/\" target=\"_blank\">Mais&#8230;<br \/>\n<\/a><\/p>\n<\/td>\n<\/tr>\n<\/tbody>\n<\/table>\n<p><br class=\"spacer_\" \/><\/p>\n","protected":false},"excerpt":{"rendered":"<p>A Dell e a Fujitsu anunciaram a disponibilidade a n\u00edvel mundial de novos equipamentos baseados na mais recente gera\u00e7\u00e3o de processadores Atom da Intel que s\u00e3o de menor dimens\u00e3o e possuem uma autonomia superior a sete horas. Mais&#8230;<\/p>\n","protected":false},"author":1,"featured_media":0,"comment_status":"closed","ping_status":"closed","sticky":false,"template":"","format":"standard","meta":{"footnotes":""},"categories":[15],"tags":[222,175,79,202,80,490],"class_list":["post-2243","post","type-post","status-publish","format-standard","hentry","category-tic-mais","tag-atom","tag-dell","tag-intel","tag-mobilidade","tag-netbooks","tag-portateis"],"_links":{"self":[{"href":"https:\/\/www.ticmais.pt\/index.php?rest_route=\/wp\/v2\/posts\/2243","targetHints":{"allow":["GET"]}}],"collection":[{"href":"https:\/\/www.ticmais.pt\/index.php?rest_route=\/wp\/v2\/posts"}],"about":[{"href":"https:\/\/www.ticmais.pt\/index.php?rest_route=\/wp\/v2\/types\/post"}],"author":[{"embeddable":true,"href":"https:\/\/www.ticmais.pt\/index.php?rest_route=\/wp\/v2\/users\/1"}],"replies":[{"embeddable":true,"href":"https:\/\/www.ticmais.pt\/index.php?rest_route=%2Fwp%2Fv2%2Fcomments&post=2243"}],"version-history":[{"count":0,"href":"https:\/\/www.ticmais.pt\/index.php?rest_route=\/wp\/v2\/posts\/2243\/revisions"}],"wp:attachment":[{"href":"https:\/\/www.ticmais.pt\/index.php?rest_route=%2Fwp%2Fv2%2Fmedia&parent=2243"}],"wp:term":[{"taxonomy":"category","embeddable":true,"href":"https:\/\/www.ticmais.pt\/index.php?rest_route=%2Fwp%2Fv2%2Fcategories&post=2243"},{"taxonomy":"post_tag","embeddable":true,"href":"https:\/\/www.ticmais.pt\/index.php?rest_route=%2Fwp%2Fv2%2Ftags&post=2243"}],"curies":[{"name":"wp","href":"https:\/\/api.w.org\/{rel}","templated":true}]}}