{"id":2262,"date":"2010-01-05T01:37:46","date_gmt":"2010-01-05T00:37:46","guid":{"rendered":"http:\/\/www.ticmais.pt\/?p=2262"},"modified":"2010-01-05T01:37:46","modified_gmt":"2010-01-05T00:37:46","slug":"vila-verde-com-casa-do-conhecimento","status":"publish","type":"post","link":"https:\/\/www.ticmais.pt\/?p=2262","title":{"rendered":"Vila Verde com \u00abCasa do Conhecimento\u00bb"},"content":{"rendered":"<table style=\"width: 100%;\" border=\"0\" cellspacing=\"5\" cellpadding=\"5\" align=\"justify\">\n<tbody>\n<tr>\n<td width=\"160\" valign=\"top\">\n<p><img decoding=\"async\" src=\"\/\/www.ticmais.pt\/ticmais\/imagens\/Vila%20Verde%20com%20Casa%20do%20Conhecimento.jpg\" alt=\"\" \/><br class=\"spacer_\" \/><\/p>\n<\/td>\n<td valign=\"top\">\n<p><strong>Projectos multifacetados em desenvolvimento no Minho<\/strong><\/p>\n<p style=\"text-align: justify;\">A C\u00e2mara de Vila Verde e o Centro de Computa\u00e7\u00e3o Gr\u00e1fica da Universidade do Minho v\u00e3o construir uma \u00abCasa do Conhecimento\u00bb, um projecto de 2,5 milh\u00f5es de euros, financiado por fundos comunit\u00e1rios, segundo o presidente da autarquia. <a href=\"http:\/\/www.cienciahoje.pt\/index.php?oid=30833&amp;op=all#cont\" target=\"_blank\">Mais&#8230;<\/a><\/p>\n<\/td>\n<\/tr>\n<\/tbody>\n<\/table>\n<p><br class=\"spacer_\" \/><\/p>\n","protected":false},"excerpt":{"rendered":"<p>Projectos multifacetados em desenvolvimento no Minho A C\u00e2mara de Vila Verde e o Centro de Computa\u00e7\u00e3o Gr\u00e1fica da Universidade do Minho v\u00e3o construir uma \u00abCasa do Conhecimento\u00bb, um projecto de 2,5 milh\u00f5es de euros, financiado por fundos comunit\u00e1rios, segundo o presidente da autarquia. Mais&#8230;<\/p>\n","protected":false},"author":1,"featured_media":0,"comment_status":"closed","ping_status":"closed","sticky":false,"template":"","format":"standard","meta":{"footnotes":""},"categories":[15],"tags":[623,12,13,19,339],"class_list":["post-2262","post","type-post","status-publish","format-standard","hentry","category-tic-mais","tag-casa-do-conhecimento","tag-municipios","tag-poder-local","tag-sociedade-do-conhecinentoda-informacao","tag-universidade"],"_links":{"self":[{"href":"https:\/\/www.ticmais.pt\/index.php?rest_route=\/wp\/v2\/posts\/2262","targetHints":{"allow":["GET"]}}],"collection":[{"href":"https:\/\/www.ticmais.pt\/index.php?rest_route=\/wp\/v2\/posts"}],"about":[{"href":"https:\/\/www.ticmais.pt\/index.php?rest_route=\/wp\/v2\/types\/post"}],"author":[{"embeddable":true,"href":"https:\/\/www.ticmais.pt\/index.php?rest_route=\/wp\/v2\/users\/1"}],"replies":[{"embeddable":true,"href":"https:\/\/www.ticmais.pt\/index.php?rest_route=%2Fwp%2Fv2%2Fcomments&post=2262"}],"version-history":[{"count":0,"href":"https:\/\/www.ticmais.pt\/index.php?rest_route=\/wp\/v2\/posts\/2262\/revisions"}],"wp:attachment":[{"href":"https:\/\/www.ticmais.pt\/index.php?rest_route=%2Fwp%2Fv2%2Fmedia&parent=2262"}],"wp:term":[{"taxonomy":"category","embeddable":true,"href":"https:\/\/www.ticmais.pt\/index.php?rest_route=%2Fwp%2Fv2%2Fcategories&post=2262"},{"taxonomy":"post_tag","embeddable":true,"href":"https:\/\/www.ticmais.pt\/index.php?rest_route=%2Fwp%2Fv2%2Ftags&post=2262"}],"curies":[{"name":"wp","href":"https:\/\/api.w.org\/{rel}","templated":true}]}}