{"id":2263,"date":"2010-01-05T01:53:41","date_gmt":"2010-01-05T00:53:41","guid":{"rendered":"http:\/\/www.ticmais.pt\/?p=2263"},"modified":"2010-01-05T01:53:41","modified_gmt":"2010-01-05T00:53:41","slug":"tablet-da-apple-sera-lancado-em-marco","status":"publish","type":"post","link":"https:\/\/www.ticmais.pt\/?p=2263","title":{"rendered":"Tablet da Apple ser\u00e1 lan\u00e7ado em Mar\u00e7o!"},"content":{"rendered":"<table style=\"width: 100%;\" border=\"0\" cellspacing=\"5\" cellpadding=\"5\" align=\"justify\">\n<tbody>\n<tr>\n<td width=\"160\" valign=\"top\">\n<p><img decoding=\"async\" src=\"\/\/www.ticmais.pt\/ticmais\/imagens\/Tablet%20da%20Apple%20sera%20lancado%20em%20Marco!.jpg\" alt=\"\" \/><\/p>\n<\/td>\n<td valign=\"top\">\n<p style=\"text-align: justify;\">O jornal norte-americano Wall Street Journal acaba de confirmar que a Apple vai lan\u00e7ar o seu <em>tablet<\/em> em Mar\u00e7o. Segundo o jornal, o aparelho ser\u00e1 anunciado ainda este m\u00eas (provavelmente no dia 26 ou 27) e ter\u00e1 um ecr\u00e3 de 10 ou 11 polegadas (novamente, confirmando o que os outros boatos falavam). <a href=\"http:\/\/jornaltecnologia.com.br\/2010\/01\/04\/tablet-da-apple-sera-lancado-em-marco\/\" target=\"_blank\">Mais&#8230;<\/a><\/p>\n<\/td>\n<\/tr>\n<\/tbody>\n<\/table>\n<p><br class=\"spacer_\" \/><\/p>\n","protected":false},"excerpt":{"rendered":"<p>O jornal norte-americano Wall Street Journal acaba de confirmar que a Apple vai lan\u00e7ar o seu tablet em Mar\u00e7o. Segundo o jornal, o aparelho ser\u00e1 anunciado ainda este m\u00eas (provavelmente no dia 26 ou 27) e ter\u00e1 um ecr\u00e3 de 10 ou 11 polegadas (novamente, confirmando o que os outros boatos falavam). Mais&#8230;<\/p>\n","protected":false},"author":1,"featured_media":0,"comment_status":"closed","ping_status":"closed","sticky":false,"template":"","format":"standard","meta":{"footnotes":""},"categories":[15],"tags":[103,617,75,624],"class_list":["post-2263","post","type-post","status-publish","format-standard","hentry","category-tic-mais","tag-apple","tag-islate","tag-tablet","tag-wall-street-journal"],"_links":{"self":[{"href":"https:\/\/www.ticmais.pt\/index.php?rest_route=\/wp\/v2\/posts\/2263","targetHints":{"allow":["GET"]}}],"collection":[{"href":"https:\/\/www.ticmais.pt\/index.php?rest_route=\/wp\/v2\/posts"}],"about":[{"href":"https:\/\/www.ticmais.pt\/index.php?rest_route=\/wp\/v2\/types\/post"}],"author":[{"embeddable":true,"href":"https:\/\/www.ticmais.pt\/index.php?rest_route=\/wp\/v2\/users\/1"}],"replies":[{"embeddable":true,"href":"https:\/\/www.ticmais.pt\/index.php?rest_route=%2Fwp%2Fv2%2Fcomments&post=2263"}],"version-history":[{"count":0,"href":"https:\/\/www.ticmais.pt\/index.php?rest_route=\/wp\/v2\/posts\/2263\/revisions"}],"wp:attachment":[{"href":"https:\/\/www.ticmais.pt\/index.php?rest_route=%2Fwp%2Fv2%2Fmedia&parent=2263"}],"wp:term":[{"taxonomy":"category","embeddable":true,"href":"https:\/\/www.ticmais.pt\/index.php?rest_route=%2Fwp%2Fv2%2Fcategories&post=2263"},{"taxonomy":"post_tag","embeddable":true,"href":"https:\/\/www.ticmais.pt\/index.php?rest_route=%2Fwp%2Fv2%2Ftags&post=2263"}],"curies":[{"name":"wp","href":"https:\/\/api.w.org\/{rel}","templated":true}]}}