{"id":2285,"date":"2010-01-12T19:26:58","date_gmt":"2010-01-12T18:26:58","guid":{"rendered":"http:\/\/www.ticmais.pt\/?p=2285"},"modified":"2010-01-12T19:26:58","modified_gmt":"2010-01-12T18:26:58","slug":"europa-vai-ter-super-rede-de-energia-verde-video","status":"publish","type":"post","link":"https:\/\/www.ticmais.pt\/?p=2285","title":{"rendered":"Europa vai ter super rede de energia verde (v\u00eddeo)"},"content":{"rendered":"<table style=\"width: 100%;\" border=\"0\" cellspacing=\"5\" cellpadding=\"5\" align=\"justify\">\n<tbody>\n<tr>\n<td style=\"text-align: justify;\" valign=\"top\" width=\"160\"><img decoding=\"async\" src=\"\/\/www.ticmais.pt\/ticmais\/imagens\/Europa%20vai%20ter%20super%20rede%20de%20energia%20verde%20(video).jpg\" alt=\"\" \/><\/td>\n<td style=\"text-align: justify;\" valign=\"top\">\n<p style=\"text-align: justify;\">A Europa quer aproveitar o vento, a Norte, e o sol, a Sul, para produzir energia limpa em grande escala. Est\u00e1 em marcha a cria\u00e7\u00e3o de uma super rede de energia verde que permitir\u00e1, at\u00e9 2050, abastecer as grandes cidades a partir de fontes renov\u00e1veis. <a href=\"http:\/\/aeiou.expresso.pt\/europa-vai-ter-super-rede-de-energia-verde=f557360\" target=\"_blank\">Mais&#8230;<\/a><\/p>\n<\/td>\n<\/tr>\n<\/tbody>\n<\/table>\n<p>&nbsp;<\/p>\n","protected":false},"excerpt":{"rendered":"<p>A Europa quer aproveitar o vento, a Norte, e o sol, a Sul, para produzir energia limpa em grande escala. Est\u00e1 em marcha a cria\u00e7\u00e3o de uma super rede de energia verde que permitir\u00e1, at\u00e9 2050, abastecer as grandes cidades a partir de fontes renov\u00e1veis. Mais&#8230; &nbsp;<\/p>\n","protected":false},"author":1,"featured_media":0,"comment_status":"closed","ping_status":"closed","sticky":false,"template":"","format":"standard","meta":{"footnotes":""},"categories":[15],"tags":[24,25,26,86,640],"class_list":["post-2285","post","type-post","status-publish","format-standard","hentry","category-tic-mais","tag-ambiente","tag-ecologia-e-desenvolvimento-sustentavel","tag-energias-renovaveis","tag-redes","tag-uniao"],"_links":{"self":[{"href":"https:\/\/www.ticmais.pt\/index.php?rest_route=\/wp\/v2\/posts\/2285","targetHints":{"allow":["GET"]}}],"collection":[{"href":"https:\/\/www.ticmais.pt\/index.php?rest_route=\/wp\/v2\/posts"}],"about":[{"href":"https:\/\/www.ticmais.pt\/index.php?rest_route=\/wp\/v2\/types\/post"}],"author":[{"embeddable":true,"href":"https:\/\/www.ticmais.pt\/index.php?rest_route=\/wp\/v2\/users\/1"}],"replies":[{"embeddable":true,"href":"https:\/\/www.ticmais.pt\/index.php?rest_route=%2Fwp%2Fv2%2Fcomments&post=2285"}],"version-history":[{"count":0,"href":"https:\/\/www.ticmais.pt\/index.php?rest_route=\/wp\/v2\/posts\/2285\/revisions"}],"wp:attachment":[{"href":"https:\/\/www.ticmais.pt\/index.php?rest_route=%2Fwp%2Fv2%2Fmedia&parent=2285"}],"wp:term":[{"taxonomy":"category","embeddable":true,"href":"https:\/\/www.ticmais.pt\/index.php?rest_route=%2Fwp%2Fv2%2Fcategories&post=2285"},{"taxonomy":"post_tag","embeddable":true,"href":"https:\/\/www.ticmais.pt\/index.php?rest_route=%2Fwp%2Fv2%2Ftags&post=2285"}],"curies":[{"name":"wp","href":"https:\/\/api.w.org\/{rel}","templated":true}]}}