{"id":2297,"date":"2010-01-14T16:52:45","date_gmt":"2010-01-14T15:52:45","guid":{"rendered":"http:\/\/www.ticmais.pt\/?p=2297"},"modified":"2010-01-14T16:52:45","modified_gmt":"2010-01-14T15:52:45","slug":"solidariedade-para-o-haiti","status":"publish","type":"post","link":"https:\/\/www.ticmais.pt\/?p=2297","title":{"rendered":"Solidariedade para o Haiti"},"content":{"rendered":"<table style=\"width: 100%;\" border=\"0\" cellspacing=\"5\" cellpadding=\"5\" align=\"justify\">\n<tbody>\n<tr>\n<td width=\"160\" valign=\"top\">\n<p><img decoding=\"async\" src=\"\/\/www.ticmais.pt\/ticmais\/imagens\/Solidariedade%20para%20o%20Haiti.jpg\" alt=\"\" \/><\/p>\n<\/td>\n<td valign=\"top\">\n<p style=\"text-align: justify;\">\u00c9 dif\u00edcil ficar indiferente \u00e0 trag\u00e9dia que se abateu sobre o Haiti, um pa\u00eds que \u00e9 j\u00e1 um dos mais pobres do mundo e onde a grande maioria da popula\u00e7\u00e3o enfrenta diariamente problemas de falta de alimentos, seguran\u00e7a e conforto, que s\u00e3o agora agravados pelo sismo que se registou. <a href=\"http:\/\/tek.sapo.pt\/extras\/sugestoes\/sugestao_tek_solidariedade_para_o_haiti_1040814.html\" target=\"_blank\">Mais&#8230;<\/a><\/p>\n<\/td>\n<\/tr>\n<\/tbody>\n<\/table>\n<p><br class=\"spacer_\" \/><\/p>\n","protected":false},"excerpt":{"rendered":"<p>\u00c9 dif\u00edcil ficar indiferente \u00e0 trag\u00e9dia que se abateu sobre o Haiti, um pa\u00eds que \u00e9 j\u00e1 um dos mais pobres do mundo e onde a grande maioria da popula\u00e7\u00e3o enfrenta diariamente problemas de falta de alimentos, seguran\u00e7a e conforto, que s\u00e3o agora agravados pelo sismo que se registou. Mais&#8230;<\/p>\n","protected":false},"author":1,"featured_media":0,"comment_status":"closed","ping_status":"closed","sticky":false,"template":"","format":"standard","meta":{"footnotes":""},"categories":[15],"tags":[171,172,666,667,580,668,669],"class_list":["post-2297","post","type-post","status-publish","format-standard","hentry","category-tic-mais","tag-ajuda","tag-apoios","tag-donativos","tag-haiti","tag-sismo","tag-solidariedade","tag-terramoto"],"_links":{"self":[{"href":"https:\/\/www.ticmais.pt\/index.php?rest_route=\/wp\/v2\/posts\/2297","targetHints":{"allow":["GET"]}}],"collection":[{"href":"https:\/\/www.ticmais.pt\/index.php?rest_route=\/wp\/v2\/posts"}],"about":[{"href":"https:\/\/www.ticmais.pt\/index.php?rest_route=\/wp\/v2\/types\/post"}],"author":[{"embeddable":true,"href":"https:\/\/www.ticmais.pt\/index.php?rest_route=\/wp\/v2\/users\/1"}],"replies":[{"embeddable":true,"href":"https:\/\/www.ticmais.pt\/index.php?rest_route=%2Fwp%2Fv2%2Fcomments&post=2297"}],"version-history":[{"count":0,"href":"https:\/\/www.ticmais.pt\/index.php?rest_route=\/wp\/v2\/posts\/2297\/revisions"}],"wp:attachment":[{"href":"https:\/\/www.ticmais.pt\/index.php?rest_route=%2Fwp%2Fv2%2Fmedia&parent=2297"}],"wp:term":[{"taxonomy":"category","embeddable":true,"href":"https:\/\/www.ticmais.pt\/index.php?rest_route=%2Fwp%2Fv2%2Fcategories&post=2297"},{"taxonomy":"post_tag","embeddable":true,"href":"https:\/\/www.ticmais.pt\/index.php?rest_route=%2Fwp%2Fv2%2Ftags&post=2297"}],"curies":[{"name":"wp","href":"https:\/\/api.w.org\/{rel}","templated":true}]}}