{"id":2324,"date":"2010-01-19T18:00:28","date_gmt":"2010-01-19T17:00:28","guid":{"rendered":"http:\/\/www.ticmais.pt\/?p=2324"},"modified":"2010-01-19T18:00:28","modified_gmt":"2010-01-19T17:00:28","slug":"ue-tera-mercado-comum-digital","status":"publish","type":"post","link":"https:\/\/www.ticmais.pt\/?p=2324","title":{"rendered":"Presid\u00eancia espanhola da UE quer criar &#8220;mercado comum digital&#8221;"},"content":{"rendered":"<table style=\"width: 100%;\" border=\"0\" cellspacing=\"5\" cellpadding=\"5\" align=\"justify\">\n<tbody>\n<tr>\n<td width=\"160\" valign=\"top\">\n<p><img decoding=\"async\" src=\"\/\/www.ticmais.pt\/ticmais\/imagens\/Presidencia%20espanhola%20da%20UE%20quer%20criar%20mercado%20comum%20digital.jpg\" alt=\"\" \/><\/p>\n<\/td>\n<td valign=\"top\">\n<p style=\"text-align: justify;\">A presid\u00eancia espanhola da Uni\u00e3o Europeia vai impulsionar a cria\u00e7\u00e3o de um \u201cmercado comum digital\u201d para ajudar a desenvolver servi\u00e7os \u2018online\u2019 a uma escala pan-europeia e estimular a economia, declarou ontem o ministro espanhol da Industria, Miguel Sebastian. <a href=\"http:\/\/www.publico.clix.pt\/Tecnologia\/presidencia-espanhola-da-ue-quer-criar-mercado-comum-digital_1418583\" target=\"_blank\">Mais&#8230;<\/a><\/p>\n<\/td>\n<\/tr>\n<\/tbody>\n<\/table>\n<p><br class=\"spacer_\" \/><\/p>\n","protected":false},"excerpt":{"rendered":"<p>A presid\u00eancia espanhola da Uni\u00e3o Europeia vai impulsionar a cria\u00e7\u00e3o de um \u201cmercado comum digital\u201d para ajudar a desenvolver servi\u00e7os \u2018online\u2019 a uma escala pan-europeia e estimular a economia, declarou ontem o ministro espanhol da Industria, Miguel Sebastian. Mais&#8230;<\/p>\n","protected":false},"author":1,"featured_media":0,"comment_status":"closed","ping_status":"closed","sticky":false,"template":"","format":"standard","meta":{"footnotes":""},"categories":[15],"tags":[7,8,19,99],"class_list":["post-2324","post","type-post","status-publish","format-standard","hentry","category-tic-mais","tag-egov","tag-inclusao-digital","tag-sociedade-do-conhecinentoda-informacao","tag-uniao-europeia"],"_links":{"self":[{"href":"https:\/\/www.ticmais.pt\/index.php?rest_route=\/wp\/v2\/posts\/2324","targetHints":{"allow":["GET"]}}],"collection":[{"href":"https:\/\/www.ticmais.pt\/index.php?rest_route=\/wp\/v2\/posts"}],"about":[{"href":"https:\/\/www.ticmais.pt\/index.php?rest_route=\/wp\/v2\/types\/post"}],"author":[{"embeddable":true,"href":"https:\/\/www.ticmais.pt\/index.php?rest_route=\/wp\/v2\/users\/1"}],"replies":[{"embeddable":true,"href":"https:\/\/www.ticmais.pt\/index.php?rest_route=%2Fwp%2Fv2%2Fcomments&post=2324"}],"version-history":[{"count":0,"href":"https:\/\/www.ticmais.pt\/index.php?rest_route=\/wp\/v2\/posts\/2324\/revisions"}],"wp:attachment":[{"href":"https:\/\/www.ticmais.pt\/index.php?rest_route=%2Fwp%2Fv2%2Fmedia&parent=2324"}],"wp:term":[{"taxonomy":"category","embeddable":true,"href":"https:\/\/www.ticmais.pt\/index.php?rest_route=%2Fwp%2Fv2%2Fcategories&post=2324"},{"taxonomy":"post_tag","embeddable":true,"href":"https:\/\/www.ticmais.pt\/index.php?rest_route=%2Fwp%2Fv2%2Ftags&post=2324"}],"curies":[{"name":"wp","href":"https:\/\/api.w.org\/{rel}","templated":true}]}}