{"id":2326,"date":"2010-01-20T04:07:45","date_gmt":"2010-01-20T03:07:45","guid":{"rendered":"http:\/\/www.ticmais.pt\/?p=2326"},"modified":"2010-01-20T04:07:45","modified_gmt":"2010-01-20T03:07:45","slug":"educacao-para-a-cidadania-em-debate-no-cla-de-coruche","status":"publish","type":"post","link":"https:\/\/www.ticmais.pt\/?p=2326","title":{"rendered":"Educa\u00e7\u00e3o para a Cidadania em debate no CLA de Coruche"},"content":{"rendered":"<table style=\"width: 100%;\" border=\"0\" cellspacing=\"5\" cellpadding=\"5\" align=\"justify\">\n<tbody>\n<tr>\n<td width=\"160\" valign=\"top\">\n<p><img decoding=\"async\" src=\"\/\/www.ticmais.pt\/ticmais\/imagens\/Educacao%20para%20a%20Cidadania%20em%20debate%20no%20CLA%20de%20Coruche.jpg\" alt=\"\" \/><\/p>\n<\/td>\n<td valign=\"top\">\n<p><a href=\"http:\/\/www.univ-ab.pt\/news\/detalhe_noticia.php?news=524\" target=\"_blank\">O Centro Local de Aprendizagem<\/a> (CLA) <a href=\"http:\/\/www.univ-ab.pt\/\" target=\"_blank\">da Universidade Aberta <\/a>(UAb) em Coruche recebe uma confer\u00eancia do ciclo Educa\u00e7\u00e3o para a Cidadania: Rotas de Interven\u00e7\u00e3o, no dia 23 de Janeiro, das 11h \u00e0s 13h. A iniciativa pretende promover o debate sobre esta tem\u00e1tica nos v\u00e1rios CLAs da UAb, tendo como conferencista o Prof. Doutor Hermano Carmo, docente da UAb. <a href=\"http:\/\/www.oribatejo.pt\/2010\/01\/educacao-para-a-cidadania-em-debate-no-cla-de-coruche\/\" target=\"_blank\">Mais&#8230;<\/a><\/p>\n<\/td>\n<\/tr>\n<\/tbody>\n<\/table>\n<p><br class=\"spacer_\" \/><\/p>\n","protected":false},"excerpt":{"rendered":"<p>O Centro Local de Aprendizagem (CLA) da Universidade Aberta (UAb) em Coruche recebe uma confer\u00eancia do ciclo Educa\u00e7\u00e3o para a Cidadania: Rotas de Interven\u00e7\u00e3o, no dia 23 de Janeiro, das 11h \u00e0s 13h. A iniciativa pretende promover o debate sobre esta tem\u00e1tica nos v\u00e1rios CLAs da UAb, tendo como conferencista o Prof. Doutor Hermano Carmo, [&hellip;]<\/p>\n","protected":false},"author":1,"featured_media":0,"comment_status":"closed","ping_status":"closed","sticky":false,"template":"","format":"standard","meta":{"footnotes":""},"categories":[15],"tags":[5,410,339],"class_list":["post-2326","post","type-post","status-publish","format-standard","hentry","category-tic-mais","tag-cidadania","tag-debate","tag-universidade"],"_links":{"self":[{"href":"https:\/\/www.ticmais.pt\/index.php?rest_route=\/wp\/v2\/posts\/2326","targetHints":{"allow":["GET"]}}],"collection":[{"href":"https:\/\/www.ticmais.pt\/index.php?rest_route=\/wp\/v2\/posts"}],"about":[{"href":"https:\/\/www.ticmais.pt\/index.php?rest_route=\/wp\/v2\/types\/post"}],"author":[{"embeddable":true,"href":"https:\/\/www.ticmais.pt\/index.php?rest_route=\/wp\/v2\/users\/1"}],"replies":[{"embeddable":true,"href":"https:\/\/www.ticmais.pt\/index.php?rest_route=%2Fwp%2Fv2%2Fcomments&post=2326"}],"version-history":[{"count":0,"href":"https:\/\/www.ticmais.pt\/index.php?rest_route=\/wp\/v2\/posts\/2326\/revisions"}],"wp:attachment":[{"href":"https:\/\/www.ticmais.pt\/index.php?rest_route=%2Fwp%2Fv2%2Fmedia&parent=2326"}],"wp:term":[{"taxonomy":"category","embeddable":true,"href":"https:\/\/www.ticmais.pt\/index.php?rest_route=%2Fwp%2Fv2%2Fcategories&post=2326"},{"taxonomy":"post_tag","embeddable":true,"href":"https:\/\/www.ticmais.pt\/index.php?rest_route=%2Fwp%2Fv2%2Ftags&post=2326"}],"curies":[{"name":"wp","href":"https:\/\/api.w.org\/{rel}","templated":true}]}}