{"id":2327,"date":"2010-01-20T02:31:17","date_gmt":"2010-01-20T01:31:17","guid":{"rendered":"http:\/\/www.ticmais.pt\/?p=2327"},"modified":"2010-01-20T02:31:17","modified_gmt":"2010-01-20T01:31:17","slug":"banda-larga-estimula-economias-locais","status":"publish","type":"post","link":"https:\/\/www.ticmais.pt\/?p=2327","title":{"rendered":"Banda larga estimula economias locais"},"content":{"rendered":"<table style=\"width: 100%;\" border=\"0\" cellspacing=\"5\" cellpadding=\"5\" align=\"justify\">\n<tbody>\n<tr>\n<td width=\"160\" valign=\"top\">\n<p><img decoding=\"async\" src=\"\/\/www.ticmais.pt\/ticmais\/imagens\/Banda%20larga%20estimula%20economias%20locais.jpg\" alt=\"\" \/><\/p>\n<\/td>\n<td valign=\"top\">\n<p style=\"text-align: justify;\"><strong>Um estudo conclui que a implementa\u00e7\u00e3o de projectos de banda larga tamb\u00e9m estimula o emprego.<\/strong><\/p>\n<p style=\"text-align: justify;\">Nos \u00faltimos meses, os Estados Unidos est\u00e3o a aplicar uma pol\u00edtica de fomento da banda larga sob o argumento de que esta ajuda a melhorar a economia das regi\u00f5es onde est\u00e1 dispon\u00edvel. <a href=\"http:\/\/www.computerworld.com.pt\/2010\/01\/18\/banda-larga-estimula-economias-locais\/\" target=\"_blank\">Mais&#8230;<\/a><\/p>\n<\/td>\n<\/tr>\n<\/tbody>\n<\/table>\n<p><br class=\"spacer_\" \/><\/p>\n","protected":false},"excerpt":{"rendered":"<p>Um estudo conclui que a implementa\u00e7\u00e3o de projectos de banda larga tamb\u00e9m estimula o emprego. Nos \u00faltimos meses, os Estados Unidos est\u00e3o a aplicar uma pol\u00edtica de fomento da banda larga sob o argumento de que esta ajuda a melhorar a economia das regi\u00f5es onde est\u00e1 dispon\u00edvel. Mais&#8230;<\/p>\n","protected":false},"author":1,"featured_media":0,"comment_status":"closed","ping_status":"closed","sticky":false,"template":"","format":"standard","meta":{"footnotes":""},"categories":[15],"tags":[17,252,34,13],"class_list":["post-2327","post","type-post","status-publish","format-standard","hentry","category-tic-mais","tag-desenvolvimento-economico","tag-economia","tag-internet","tag-poder-local"],"_links":{"self":[{"href":"https:\/\/www.ticmais.pt\/index.php?rest_route=\/wp\/v2\/posts\/2327","targetHints":{"allow":["GET"]}}],"collection":[{"href":"https:\/\/www.ticmais.pt\/index.php?rest_route=\/wp\/v2\/posts"}],"about":[{"href":"https:\/\/www.ticmais.pt\/index.php?rest_route=\/wp\/v2\/types\/post"}],"author":[{"embeddable":true,"href":"https:\/\/www.ticmais.pt\/index.php?rest_route=\/wp\/v2\/users\/1"}],"replies":[{"embeddable":true,"href":"https:\/\/www.ticmais.pt\/index.php?rest_route=%2Fwp%2Fv2%2Fcomments&post=2327"}],"version-history":[{"count":0,"href":"https:\/\/www.ticmais.pt\/index.php?rest_route=\/wp\/v2\/posts\/2327\/revisions"}],"wp:attachment":[{"href":"https:\/\/www.ticmais.pt\/index.php?rest_route=%2Fwp%2Fv2%2Fmedia&parent=2327"}],"wp:term":[{"taxonomy":"category","embeddable":true,"href":"https:\/\/www.ticmais.pt\/index.php?rest_route=%2Fwp%2Fv2%2Fcategories&post=2327"},{"taxonomy":"post_tag","embeddable":true,"href":"https:\/\/www.ticmais.pt\/index.php?rest_route=%2Fwp%2Fv2%2Ftags&post=2327"}],"curies":[{"name":"wp","href":"https:\/\/api.w.org\/{rel}","templated":true}]}}