{"id":2355,"date":"2010-01-26T02:58:27","date_gmt":"2010-01-26T01:58:27","guid":{"rendered":"http:\/\/www.ticmais.pt\/?p=2355"},"modified":"2010-01-26T02:58:27","modified_gmt":"2010-01-26T01:58:27","slug":"plataforma-para-carro-pronta-a-receber-todo-o-tipo-de-cobertura","status":"publish","type":"post","link":"https:\/\/www.ticmais.pt\/?p=2355","title":{"rendered":"Plataforma para carro pronta a receber todo o tipo de cobertura"},"content":{"rendered":"<table style=\"width: 100%;\" border=\"0\" cellspacing=\"5\" cellpadding=\"5\" align=\"justify\">\n<tbody>\n<tr>\n<td width=\"160\" valign=\"top\">\n<p><img decoding=\"async\" src=\"\/\/www.ticmais.pt\/ticmais\/imagens\/Plataforma%20para%20carro%20pronta%20a%20receber%20todo%20o%20tipo%20de%20cobertura.jpg\" alt=\"\" \/><\/p>\n<\/td>\n<td valign=\"top\">\n<p style=\"text-align: justify;\">Uma plataforma desenvolvida pela Trexa com trac\u00e7\u00e3o \u00e0s quatro rodas, dotada\u00a0 de motores el\u00e9ctricos e baterias embutidas, com a possibilidade de receber todo o tipo de carro\u00e7aria, promete revolucionar a forma como os autom\u00f3veis s\u00e3o desenvolvidos. <a href=\"http:\/\/www.fiatmio.cc\/pt\/2010\/01\/board-of-opportunities\/\" target=\"_blank\">Mais\u2026<br \/>\n<\/a>\u00a0<\/p>\n<\/td>\n<\/tr>\n<\/tbody>\n<\/table>\n<p><br class=\"spacer_\" \/><\/p>\n","protected":false},"excerpt":{"rendered":"<p>Uma plataforma desenvolvida pela Trexa com trac\u00e7\u00e3o \u00e0s quatro rodas, dotada\u00a0 de motores el\u00e9ctricos e baterias embutidas, com a possibilidade de receber todo o tipo de carro\u00e7aria, promete revolucionar a forma como os autom\u00f3veis s\u00e3o desenvolvidos. Mais\u2026 \u00a0<\/p>\n","protected":false},"author":1,"featured_media":0,"comment_status":"closed","ping_status":"closed","sticky":false,"template":"","format":"standard","meta":{"footnotes":""},"categories":[15],"tags":[543,22,247,465,28],"class_list":["post-2355","post","type-post","status-publish","format-standard","hentry","category-tic-mais","tag-ideias","tag-inovacao","tag-mercado-automovel","tag-prototipos","tag-tecnologia"],"_links":{"self":[{"href":"https:\/\/www.ticmais.pt\/index.php?rest_route=\/wp\/v2\/posts\/2355","targetHints":{"allow":["GET"]}}],"collection":[{"href":"https:\/\/www.ticmais.pt\/index.php?rest_route=\/wp\/v2\/posts"}],"about":[{"href":"https:\/\/www.ticmais.pt\/index.php?rest_route=\/wp\/v2\/types\/post"}],"author":[{"embeddable":true,"href":"https:\/\/www.ticmais.pt\/index.php?rest_route=\/wp\/v2\/users\/1"}],"replies":[{"embeddable":true,"href":"https:\/\/www.ticmais.pt\/index.php?rest_route=%2Fwp%2Fv2%2Fcomments&post=2355"}],"version-history":[{"count":0,"href":"https:\/\/www.ticmais.pt\/index.php?rest_route=\/wp\/v2\/posts\/2355\/revisions"}],"wp:attachment":[{"href":"https:\/\/www.ticmais.pt\/index.php?rest_route=%2Fwp%2Fv2%2Fmedia&parent=2355"}],"wp:term":[{"taxonomy":"category","embeddable":true,"href":"https:\/\/www.ticmais.pt\/index.php?rest_route=%2Fwp%2Fv2%2Fcategories&post=2355"},{"taxonomy":"post_tag","embeddable":true,"href":"https:\/\/www.ticmais.pt\/index.php?rest_route=%2Fwp%2Fv2%2Ftags&post=2355"}],"curies":[{"name":"wp","href":"https:\/\/api.w.org\/{rel}","templated":true}]}}