{"id":2397,"date":"2010-02-02T15:33:50","date_gmt":"2010-02-02T14:33:50","guid":{"rendered":"http:\/\/www.ticmais.pt\/?p=2397"},"modified":"2010-02-02T15:33:50","modified_gmt":"2010-02-02T14:33:50","slug":"case-do-ipad-tem-espaco-para-camara","status":"publish","type":"post","link":"https:\/\/www.ticmais.pt\/?p=2397","title":{"rendered":"Case do iPad tem espa\u00e7o para c\u00e2mara"},"content":{"rendered":"<table style=\"width: 100%;\" border=\"0\" cellspacing=\"5\" cellpadding=\"5\" align=\"justify\">\n<tbody>\n<tr>\n<td style=\"text-align: justify;\" width=\"160\" valign=\"top\">\n<p><img decoding=\"async\" src=\"\/\/www.ticmais.pt\/ticmais\/imagens\/Case%20do%20iPad%20tem%20espaco%20para%20camara.jpg\" alt=\"\" \/><\/p>\n<\/td>\n<td style=\"text-align: justify;\" valign=\"top\">\n<p style=\"text-align: justify;\">\u00a0O <em>blog<\/em> da empresa <a href=\"http:\/\/blog.missionrepair.com\/2010\/02\/01\/ipad-camera-rumor-becoming-a-reality-we-think-so\/\" target=\"_blank\">Mission Repair<\/a> hoje tem fotos interessantes da <em>case<\/em> externa do iPad, o novo <em>tablet<\/em> da Apple. No centro da <em>case<\/em> d\u00e1 para ver claramente que h\u00e1 lugar para uma c\u00e2mara frontal. <a href=\"http:\/\/jornaltecnologia.com.br\/2010\/02\/02\/ipad-camera\/\" target=\"_blank\">Mais&#8230;<\/a><\/p>\n<\/td>\n<\/tr>\n<\/tbody>\n<\/table>\n<p><br class=\"spacer_\" \/><\/p>\n","protected":false},"excerpt":{"rendered":"<p>\u00a0O blog da empresa Mission Repair hoje tem fotos interessantes da case externa do iPad, o novo tablet da Apple. No centro da case d\u00e1 para ver claramente que h\u00e1 lugar para uma c\u00e2mara frontal. Mais&#8230;<\/p>\n","protected":false},"author":1,"featured_media":0,"comment_status":"closed","ping_status":"closed","sticky":false,"template":"","format":"standard","meta":{"footnotes":""},"categories":[15],"tags":[103,446,728,75],"class_list":["post-2397","post","type-post","status-publish","format-standard","hentry","category-tic-mais","tag-apple","tag-camaras-digitais","tag-ipad","tag-tablet"],"_links":{"self":[{"href":"https:\/\/www.ticmais.pt\/index.php?rest_route=\/wp\/v2\/posts\/2397","targetHints":{"allow":["GET"]}}],"collection":[{"href":"https:\/\/www.ticmais.pt\/index.php?rest_route=\/wp\/v2\/posts"}],"about":[{"href":"https:\/\/www.ticmais.pt\/index.php?rest_route=\/wp\/v2\/types\/post"}],"author":[{"embeddable":true,"href":"https:\/\/www.ticmais.pt\/index.php?rest_route=\/wp\/v2\/users\/1"}],"replies":[{"embeddable":true,"href":"https:\/\/www.ticmais.pt\/index.php?rest_route=%2Fwp%2Fv2%2Fcomments&post=2397"}],"version-history":[{"count":0,"href":"https:\/\/www.ticmais.pt\/index.php?rest_route=\/wp\/v2\/posts\/2397\/revisions"}],"wp:attachment":[{"href":"https:\/\/www.ticmais.pt\/index.php?rest_route=%2Fwp%2Fv2%2Fmedia&parent=2397"}],"wp:term":[{"taxonomy":"category","embeddable":true,"href":"https:\/\/www.ticmais.pt\/index.php?rest_route=%2Fwp%2Fv2%2Fcategories&post=2397"},{"taxonomy":"post_tag","embeddable":true,"href":"https:\/\/www.ticmais.pt\/index.php?rest_route=%2Fwp%2Fv2%2Ftags&post=2397"}],"curies":[{"name":"wp","href":"https:\/\/api.w.org\/{rel}","templated":true}]}}