{"id":240,"date":"2008-09-05T01:43:21","date_gmt":"2008-09-05T00:43:21","guid":{"rendered":"http:\/\/www.ticmais.pt\/index.php\/2008\/09\/05\/portatil-para-criancas-lancado-pelo-el-corte-ingles\/"},"modified":"2008-09-05T01:43:21","modified_gmt":"2008-09-05T00:43:21","slug":"portatil-para-criancas-lancado-pelo-el-corte-ingles","status":"publish","type":"post","link":"https:\/\/www.ticmais.pt\/?p=240","title":{"rendered":"Port\u00e1til para crian\u00e7as lan\u00e7ado pelo El Corte Ingl\u00e9s"},"content":{"rendered":"<table border=\"0\" cellspacing=\"5\" cellpadding=\"5\" width=\"100%\">\n<tbody>\n<tr>\n<td width=\"160\" valign=\"top\">\n<p align=\"justify\"><img decoding=\"async\" src=\"\/\/www.ticmais.pt\/ticmais\/imagens\/portatil-para-criancas-lancado-pelo-el-corte-ingles.jpg\" border=\"0\" alt=\"\" \/><\/p>\n<\/td>\n<td valign=\"top\">\n<p align=\"justify\">Chama-se \u00abInves Junior\u00bb\u00a0 e qualquer parecen\u00e7a com o anunciado \u00abMagalh\u00e3es\u00bb n\u00e3o \u00e9 pura coincid\u00eancia. A partir desta sexta-feira j\u00e1 vai ser poss\u00edvel adquirir nas lojas do El Corte Ingl\u00e9s dos nossos vizinhos espanh\u00f3is o \u00abInv\u00e9s J\u00fanior\u00bb, a vers\u00e3o dos nuestros hermanos\u00a0 do port\u00e1til portugu\u00eas para crian\u00e7as.<\/p>\n<\/td>\n<\/tr>\n<\/tbody>\n<\/table>\n<p><!--more--><\/p>\n<table border=\"0\" cellspacing=\"5\" cellpadding=\"5\" width=\"100%\" align=\"justify\">\n<tbody>\n<tr>\n<td valign=\"top\">\n<p align=\"justify\">Resiste a quedas de 60 cent\u00edmetros de altura sem se partir. Se lhe derramarem l\u00edquidos em cima, n\u00e3o se avaria. Assim \u00e9 o novo port\u00e1til \u00e0 prova de crian\u00e7as, mas dirigido a elas, lan\u00e7ando pelo El Corte Ingl\u00e9s.<\/p>\n<p align=\"justify\">Possui caracter\u00edsticas id\u00eanticas \u00e0quele que est\u00e1 ser produzido na f\u00e1brica da JP S\u00e1 Couto em Matosinhos, baseando-se no Classemate PC.<\/p>\n<p align=\"justify\">Especialmente concebido para crian\u00e7as dos 5 aos 12 anos, o \u00abInves Junior\u00bb possui um processador Intel Atom N-270 de 1,6 GHz, 30 GB de disco r\u00edgido e mem\u00f3ria RAM de 512 MB, al\u00e9m de uma mem\u00f3ria compact flash expans\u00edvel at\u00e9 8 GB.<\/p>\n<p align=\"justify\">Duas portas USB 2.0, conex\u00e3o Wi-Fi, 1,27 quilos e um ecr\u00e3 de 8.9 polegadas s\u00e3o outras das caracter\u00edsticas deste \u00abMagalh\u00e3es\u00bb espanhol.<\/p>\n<p align=\"justify\">O seu pre\u00e7o de venda \u00e9 de 379 euros.<\/p>\n<p align=\"justify\">Para consultar as caracter\u00edsticas do computador clique <a href=\"http:\/\/www.elcorteingles.es\/informatica\/producto\/producto.asp?referencia=15215527191\" target=\"_blank\">aqui<\/a>.<\/p>\n<p>Fonte: <a href=\"http:\/\/sol.sapo.pt\/\" target=\"_blank\">Sol<\/a><\/p>\n<\/td>\n<\/tr>\n<\/tbody>\n<\/table>\n<table border=\"0\" cellspacing=\"5\" cellpadding=\"5\" width=\"100%\" align=\"justify\">\n<tbody>\n<tr>\n<td valign=\"top\">\n<div style=\"text-align: center\">[youtube:http:\/\/www.youtube.com\/watch?v=fNTDzLQl8g0]<\/div>\n<\/td>\n<\/tr>\n<\/tbody>\n<\/table>\n","protected":false},"excerpt":{"rendered":"<p>Chama-se \u00abInves Junior\u00bb\u00a0 e qualquer parecen\u00e7a com o anunciado \u00abMagalh\u00e3es\u00bb n\u00e3o \u00e9 pura coincid\u00eancia. A partir desta sexta-feira j\u00e1 vai ser poss\u00edvel adquirir nas lojas do El Corte Ingl\u00e9s dos nossos vizinhos espanh\u00f3is o \u00abInv\u00e9s J\u00fanior\u00bb, a vers\u00e3o dos nuestros hermanos\u00a0 do port\u00e1til portugu\u00eas para crian\u00e7as.<\/p>\n","protected":false},"author":1,"featured_media":0,"comment_status":"open","ping_status":"open","sticky":false,"template":"","format":"standard","meta":{"footnotes":""},"categories":[15],"tags":[78,72,79,80],"class_list":["post-240","post","type-post","status-publish","format-standard","hentry","category-tic-mais","tag-classmate-pc","tag-hardware","tag-intel","tag-netbooks"],"_links":{"self":[{"href":"https:\/\/www.ticmais.pt\/index.php?rest_route=\/wp\/v2\/posts\/240","targetHints":{"allow":["GET"]}}],"collection":[{"href":"https:\/\/www.ticmais.pt\/index.php?rest_route=\/wp\/v2\/posts"}],"about":[{"href":"https:\/\/www.ticmais.pt\/index.php?rest_route=\/wp\/v2\/types\/post"}],"author":[{"embeddable":true,"href":"https:\/\/www.ticmais.pt\/index.php?rest_route=\/wp\/v2\/users\/1"}],"replies":[{"embeddable":true,"href":"https:\/\/www.ticmais.pt\/index.php?rest_route=%2Fwp%2Fv2%2Fcomments&post=240"}],"version-history":[{"count":0,"href":"https:\/\/www.ticmais.pt\/index.php?rest_route=\/wp\/v2\/posts\/240\/revisions"}],"wp:attachment":[{"href":"https:\/\/www.ticmais.pt\/index.php?rest_route=%2Fwp%2Fv2%2Fmedia&parent=240"}],"wp:term":[{"taxonomy":"category","embeddable":true,"href":"https:\/\/www.ticmais.pt\/index.php?rest_route=%2Fwp%2Fv2%2Fcategories&post=240"},{"taxonomy":"post_tag","embeddable":true,"href":"https:\/\/www.ticmais.pt\/index.php?rest_route=%2Fwp%2Fv2%2Ftags&post=240"}],"curies":[{"name":"wp","href":"https:\/\/api.w.org\/{rel}","templated":true}]}}