{"id":2400,"date":"2010-02-02T23:48:41","date_gmt":"2010-02-02T22:48:41","guid":{"rendered":"http:\/\/www.ticmais.pt\/?p=2400"},"modified":"2010-02-02T23:48:41","modified_gmt":"2010-02-02T22:48:41","slug":"migracao-para-a-televisao-digital-vai-atrasar","status":"publish","type":"post","link":"https:\/\/www.ticmais.pt\/?p=2400","title":{"rendered":"Migra\u00e7\u00e3o para a televis\u00e3o digital vai atrasar"},"content":{"rendered":"<table style=\"width: 100%;\" border=\"0\" cellspacing=\"5\" cellpadding=\"5\" align=\"justify\">\n<tbody>\n<tr>\n<td width=\"160\" valign=\"top\">\n<p><img decoding=\"async\" src=\"\/\/www.ticmais.pt\/ticmais\/imagens\/Migracao%20para%20a%20televisao%20digital%20vai%20atrasar.jpg\" alt=\"\" \/><\/p>\n<\/td>\n<td valign=\"top\">\n<p style=\"text-align: justify;\">O regulador para as Comunica\u00e7\u00f5es (Anacom) teme que a revoga\u00e7\u00e3o da licen\u00e7a da Portugal Telecom para os canais pagos da Televis\u00e3o Digital Terrestre (TDT), agora aceite, ponham em causa a chegada do sinal \u00e0 casa dos portugueses. <a href=\"http:\/\/www.agenciafinanceira.iol.pt\/dinheiro\/televisao-tdt-televisao-digital-anacom-pt\/1136140-3851.html\" target=\"_blank\">Mais&#8230;<\/a><\/p>\n<\/td>\n<\/tr>\n<\/tbody>\n<\/table>\n<p><br class=\"spacer_\" \/><\/p>\n","protected":false},"excerpt":{"rendered":"<p>O regulador para as Comunica\u00e7\u00f5es (Anacom) teme que a revoga\u00e7\u00e3o da licen\u00e7a da Portugal Telecom para os canais pagos da Televis\u00e3o Digital Terrestre (TDT), agora aceite, ponham em causa a chegada do sinal \u00e0 casa dos portugueses. Mais&#8230;<\/p>\n","protected":false},"author":1,"featured_media":0,"comment_status":"closed","ping_status":"closed","sticky":false,"template":"","format":"standard","meta":{"footnotes":""},"categories":[15],"tags":[413,376,181,166],"class_list":["post-2400","post","type-post","status-publish","format-standard","hentry","category-tic-mais","tag-anacom","tag-portugal-telecom","tag-tdt","tag-televisao"],"_links":{"self":[{"href":"https:\/\/www.ticmais.pt\/index.php?rest_route=\/wp\/v2\/posts\/2400","targetHints":{"allow":["GET"]}}],"collection":[{"href":"https:\/\/www.ticmais.pt\/index.php?rest_route=\/wp\/v2\/posts"}],"about":[{"href":"https:\/\/www.ticmais.pt\/index.php?rest_route=\/wp\/v2\/types\/post"}],"author":[{"embeddable":true,"href":"https:\/\/www.ticmais.pt\/index.php?rest_route=\/wp\/v2\/users\/1"}],"replies":[{"embeddable":true,"href":"https:\/\/www.ticmais.pt\/index.php?rest_route=%2Fwp%2Fv2%2Fcomments&post=2400"}],"version-history":[{"count":0,"href":"https:\/\/www.ticmais.pt\/index.php?rest_route=\/wp\/v2\/posts\/2400\/revisions"}],"wp:attachment":[{"href":"https:\/\/www.ticmais.pt\/index.php?rest_route=%2Fwp%2Fv2%2Fmedia&parent=2400"}],"wp:term":[{"taxonomy":"category","embeddable":true,"href":"https:\/\/www.ticmais.pt\/index.php?rest_route=%2Fwp%2Fv2%2Fcategories&post=2400"},{"taxonomy":"post_tag","embeddable":true,"href":"https:\/\/www.ticmais.pt\/index.php?rest_route=%2Fwp%2Fv2%2Ftags&post=2400"}],"curies":[{"name":"wp","href":"https:\/\/api.w.org\/{rel}","templated":true}]}}