{"id":2413,"date":"2010-02-05T19:00:35","date_gmt":"2010-02-05T18:00:35","guid":{"rendered":"http:\/\/www.ticmais.pt\/?p=2413"},"modified":"2010-02-05T19:00:35","modified_gmt":"2010-02-05T18:00:35","slug":"seis-anos-de-facebook","status":"publish","type":"post","link":"https:\/\/www.ticmais.pt\/?p=2413","title":{"rendered":"Seis anos de Facebook"},"content":{"rendered":"<table style=\"width: 100%;\" border=\"0\" cellspacing=\"5\" cellpadding=\"5\" align=\"justify\">\n<tbody>\n<tr>\n<td width=\"160\" valign=\"top\">\n<p><img decoding=\"async\" src=\"\/\/www.ticmais.pt\/ticmais\/imagens\/Seis%20anos%20de%20Facebook.jpg\" alt=\"\" \/><\/p>\n<\/td>\n<td valign=\"top\">\n<p style=\"text-align: justify;\">Quem n\u00e3o gosta, n\u00e3o gosta. Mas entre aqueles que sentem alguma (ou muita) atrac\u00e7\u00e3o pelos media sociais, o Facebook \u00e9, definitivamente, uma refer\u00eancia. Os perto de 400 milh\u00f5es de utilizadores confirmam o estatuto de &#8220;fen\u00f3meno Internet&#8221; da comunidade online que assinala esta semana o seu sexto anivers\u00e1rio. <a href=\"http:\/\/tek.sapo.pt\/extras\/montra\/montra_tek_seis_anos_de_facebook_1044845.html\" target=\"_blank\">Mais&#8230;<\/a>\u00a0<\/p>\n<p style=\"text-align: justify;\"><a href=\"http:\/\/sic.sapo.pt\/online\/video\/informacao\/Edicao+da+Manha\/2010\/2\/escolhas-online-de-ricardo-rosa-jornalista-coordenador-sic-online05-02-2010-11350.htm\" target=\"_blank\"><img decoding=\"async\" src=\"\/\/www.ticmais.pt\/ticmais\/imagens\/Ver%20pequeno%201.png\" alt=\"\" \/><\/a><\/p>\n<\/td>\n<\/tr>\n<\/tbody>\n<\/table>\n<p><br class=\"spacer_\" \/><\/p>\n","protected":false},"excerpt":{"rendered":"<p>Quem n\u00e3o gosta, n\u00e3o gosta. Mas entre aqueles que sentem alguma (ou muita) atrac\u00e7\u00e3o pelos media sociais, o Facebook \u00e9, definitivamente, uma refer\u00eancia. Os perto de 400 milh\u00f5es de utilizadores confirmam o estatuto de &#8220;fen\u00f3meno Internet&#8221; da comunidade online que assinala esta semana o seu sexto anivers\u00e1rio. Mais&#8230;\u00a0<\/p>\n","protected":false},"author":1,"featured_media":0,"comment_status":"closed","ping_status":"closed","sticky":false,"template":"","format":"standard","meta":{"footnotes":""},"categories":[15],"tags":[768,153],"class_list":["post-2413","post","type-post","status-publish","format-standard","hentry","category-tic-mais","tag-facebook","tag-redes-sociais"],"_links":{"self":[{"href":"https:\/\/www.ticmais.pt\/index.php?rest_route=\/wp\/v2\/posts\/2413","targetHints":{"allow":["GET"]}}],"collection":[{"href":"https:\/\/www.ticmais.pt\/index.php?rest_route=\/wp\/v2\/posts"}],"about":[{"href":"https:\/\/www.ticmais.pt\/index.php?rest_route=\/wp\/v2\/types\/post"}],"author":[{"embeddable":true,"href":"https:\/\/www.ticmais.pt\/index.php?rest_route=\/wp\/v2\/users\/1"}],"replies":[{"embeddable":true,"href":"https:\/\/www.ticmais.pt\/index.php?rest_route=%2Fwp%2Fv2%2Fcomments&post=2413"}],"version-history":[{"count":0,"href":"https:\/\/www.ticmais.pt\/index.php?rest_route=\/wp\/v2\/posts\/2413\/revisions"}],"wp:attachment":[{"href":"https:\/\/www.ticmais.pt\/index.php?rest_route=%2Fwp%2Fv2%2Fmedia&parent=2413"}],"wp:term":[{"taxonomy":"category","embeddable":true,"href":"https:\/\/www.ticmais.pt\/index.php?rest_route=%2Fwp%2Fv2%2Fcategories&post=2413"},{"taxonomy":"post_tag","embeddable":true,"href":"https:\/\/www.ticmais.pt\/index.php?rest_route=%2Fwp%2Fv2%2Ftags&post=2413"}],"curies":[{"name":"wp","href":"https:\/\/api.w.org\/{rel}","templated":true}]}}