{"id":2418,"date":"2010-02-06T01:16:44","date_gmt":"2010-02-06T00:16:44","guid":{"rendered":"http:\/\/www.ticmais.pt\/?p=2418"},"modified":"2010-02-06T01:16:44","modified_gmt":"2010-02-06T00:16:44","slug":"lula-governo-vai-assumir-a-responsabilidade-na-banda-larga","status":"publish","type":"post","link":"https:\/\/www.ticmais.pt\/?p=2418","title":{"rendered":"Lula: Governo vai assumir a responsabilidade na banda larga"},"content":{"rendered":"<table style=\"width: 100%;\" border=\"0\" cellspacing=\"5\" cellpadding=\"5\" align=\"justify\">\n<tbody>\n<tr>\n<td width=\"160\" valign=\"top\">\n<p><img decoding=\"async\" src=\"\/\/www.ticmais.pt\/ticmais\/imagens\/Lula%20Governo%20vai%20assumir%20a%20responsabilidade%20na%20banda%20larga.jpg\" alt=\"\" \/><\/p>\n<\/td>\n<td valign=\"top\">\n<p>O presidente Lula da Silva afirmou nesta sexta-feira que o governo vai liderar o processo de expans\u00e3o do acesso \u00e0 Internet em banda larga no pa\u00eds. <a href=\"http:\/\/jornaltecnologia.com.br\/link\/link.php?link=http:\/\/br.noticias.yahoo.com\/s\/reuters\/100205\/tecnologia\/internet_tech_lula_bandalarga&amp;jt=http:\/\/jornaltecnologia.com.br\/2010\/02\/05\/lula-banda-larga-estado\/\" target=\"_blank\">Mais&#8230;<\/a><\/p>\n<\/td>\n<\/tr>\n<\/tbody>\n<\/table>\n<p><br class=\"spacer_\" \/><\/p>\n","protected":false},"excerpt":{"rendered":"<p>O presidente Lula da Silva afirmou nesta sexta-feira que o governo vai liderar o processo de expans\u00e3o do acesso \u00e0 Internet em banda larga no pa\u00eds. Mais&#8230;<\/p>\n","protected":false},"author":1,"featured_media":0,"comment_status":"closed","ping_status":"closed","sticky":false,"template":"","format":"standard","meta":{"footnotes":""},"categories":[15],"tags":[769,770,388,121,33,34],"class_list":["post-2418","post","type-post","status-publish","format-standard","hentry","category-tic-mais","tag-banda-larga","tag-brasil","tag-estado","tag-governo","tag-interioridade","tag-internet"],"_links":{"self":[{"href":"https:\/\/www.ticmais.pt\/index.php?rest_route=\/wp\/v2\/posts\/2418","targetHints":{"allow":["GET"]}}],"collection":[{"href":"https:\/\/www.ticmais.pt\/index.php?rest_route=\/wp\/v2\/posts"}],"about":[{"href":"https:\/\/www.ticmais.pt\/index.php?rest_route=\/wp\/v2\/types\/post"}],"author":[{"embeddable":true,"href":"https:\/\/www.ticmais.pt\/index.php?rest_route=\/wp\/v2\/users\/1"}],"replies":[{"embeddable":true,"href":"https:\/\/www.ticmais.pt\/index.php?rest_route=%2Fwp%2Fv2%2Fcomments&post=2418"}],"version-history":[{"count":0,"href":"https:\/\/www.ticmais.pt\/index.php?rest_route=\/wp\/v2\/posts\/2418\/revisions"}],"wp:attachment":[{"href":"https:\/\/www.ticmais.pt\/index.php?rest_route=%2Fwp%2Fv2%2Fmedia&parent=2418"}],"wp:term":[{"taxonomy":"category","embeddable":true,"href":"https:\/\/www.ticmais.pt\/index.php?rest_route=%2Fwp%2Fv2%2Fcategories&post=2418"},{"taxonomy":"post_tag","embeddable":true,"href":"https:\/\/www.ticmais.pt\/index.php?rest_route=%2Fwp%2Fv2%2Ftags&post=2418"}],"curies":[{"name":"wp","href":"https:\/\/api.w.org\/{rel}","templated":true}]}}