{"id":2423,"date":"2010-02-08T04:44:19","date_gmt":"2010-02-08T03:44:19","guid":{"rendered":"http:\/\/www.ticmais.pt\/?p=2423"},"modified":"2010-02-08T04:44:19","modified_gmt":"2010-02-08T03:44:19","slug":"casas-bioclimaticas-sao-mais-confortaveis","status":"publish","type":"post","link":"https:\/\/www.ticmais.pt\/?p=2423","title":{"rendered":"Casas bioclim\u00e1ticas s\u00e3o mais confort\u00e1veis"},"content":{"rendered":"<table style=\"width: 100%;\" border=\"0\" cellspacing=\"5\" cellpadding=\"5\" align=\"justify\">\n<tbody>\n<tr>\n<td width=\"160\" valign=\"top\">\n<p><img decoding=\"async\" src=\"\/\/www.ticmais.pt\/ticmais\/imagens\/Casas%20bioclimaticas%20sao%20mais%20confortaveis.jpg\" alt=\"\" \/><\/p>\n<\/td>\n<td valign=\"top\">\n<p style=\"text-align: justify;\">Os edif\u00edcios bioclim\u00e1ticos permitem um ambiente mais confort\u00e1vel e gastam menos energia, sendo mais econ\u00f3micos, mas os portugueses ainda resistem a optar por estas casas, por falta de sensibiliza\u00e7\u00e3o e tamb\u00e9m pelo pre\u00e7o inicial, que pode ser mais elevado, escreve a Lusa. <a href=\"http:\/\/diario.iol.pt\/ambiente\/casas-bioclimaticas-ambiente-conforto-energia-portugueses\/1137393-4070.html\" target=\"_blank\">Mais&#8230;<\/a><\/p>\n<\/td>\n<\/tr>\n<\/tbody>\n<\/table>\n<p><br class=\"spacer_\" \/><\/p>\n","protected":false},"excerpt":{"rendered":"<p>Os edif\u00edcios bioclim\u00e1ticos permitem um ambiente mais confort\u00e1vel e gastam menos energia, sendo mais econ\u00f3micos, mas os portugueses ainda resistem a optar por estas casas, por falta de sensibiliza\u00e7\u00e3o e tamb\u00e9m pelo pre\u00e7o inicial, que pode ser mais elevado, escreve a Lusa. Mais&#8230;<\/p>\n","protected":false},"author":1,"featured_media":0,"comment_status":"closed","ping_status":"closed","sticky":false,"template":"","format":"standard","meta":{"footnotes":""},"categories":[15],"tags":[24,25,775,53,398],"class_list":["post-2423","post","type-post","status-publish","format-standard","hentry","category-tic-mais","tag-ambiente","tag-ecologia-e-desenvolvimento-sustentavel","tag-edificios-bioclimaticos","tag-eficiencia-energetica","tag-habitacao"],"_links":{"self":[{"href":"https:\/\/www.ticmais.pt\/index.php?rest_route=\/wp\/v2\/posts\/2423","targetHints":{"allow":["GET"]}}],"collection":[{"href":"https:\/\/www.ticmais.pt\/index.php?rest_route=\/wp\/v2\/posts"}],"about":[{"href":"https:\/\/www.ticmais.pt\/index.php?rest_route=\/wp\/v2\/types\/post"}],"author":[{"embeddable":true,"href":"https:\/\/www.ticmais.pt\/index.php?rest_route=\/wp\/v2\/users\/1"}],"replies":[{"embeddable":true,"href":"https:\/\/www.ticmais.pt\/index.php?rest_route=%2Fwp%2Fv2%2Fcomments&post=2423"}],"version-history":[{"count":0,"href":"https:\/\/www.ticmais.pt\/index.php?rest_route=\/wp\/v2\/posts\/2423\/revisions"}],"wp:attachment":[{"href":"https:\/\/www.ticmais.pt\/index.php?rest_route=%2Fwp%2Fv2%2Fmedia&parent=2423"}],"wp:term":[{"taxonomy":"category","embeddable":true,"href":"https:\/\/www.ticmais.pt\/index.php?rest_route=%2Fwp%2Fv2%2Fcategories&post=2423"},{"taxonomy":"post_tag","embeddable":true,"href":"https:\/\/www.ticmais.pt\/index.php?rest_route=%2Fwp%2Fv2%2Ftags&post=2423"}],"curies":[{"name":"wp","href":"https:\/\/api.w.org\/{rel}","templated":true}]}}