{"id":2424,"date":"2010-02-08T04:57:48","date_gmt":"2010-02-08T03:57:48","guid":{"rendered":"http:\/\/www.ticmais.pt\/?p=2424"},"modified":"2010-02-08T04:57:48","modified_gmt":"2010-02-08T03:57:48","slug":"carros-eletricos-podem-aumentar-emissoes-de-dioxido-de-carbono-se-dispensarem-energia-verde","status":"publish","type":"post","link":"https:\/\/www.ticmais.pt\/?p=2424","title":{"rendered":"Quercus diz que carros el\u00e9ctricos sem energia verde podem aumentar di\u00f3xido de carbono"},"content":{"rendered":"<table style=\"width: 100%;\" border=\"0\" cellspacing=\"5\" cellpadding=\"5\" align=\"justify\">\n<tbody>\n<tr>\n<td valign=\"top\" width=\"160\"><img decoding=\"async\" src=\"\/\/www.ticmais.pt\/ticmais\/imagens\/Quercus%20diz%20que%20carros%20electricos%20sem%20energia%20verde%20podem%20aumentar%20dioxido%20de%20carbono.jpg\" alt=\"\" \/><\/td>\n<td valign=\"top\">\n<p style=\"text-align: justify;\">A circula\u00e7\u00e3o de carros el\u00e9tricos pode provocar um aumento das emiss\u00f5es de di\u00f3xido de carbono, a menos que estes ve\u00edculos sejam abastecidos com energia &#8220;verde&#8221;, refere um relat\u00f3rio divulgado esta segunda-feira pela Quercus. <a href=\"http:\/\/sic.sapo.pt\/online\/noticias\/vida\/Quercus+diz+que+carros+electricos+sem+energia+verde+podem+aumentar+dioxido+de+carbono.htm\" target=\"_blank\">Mais&#8230;<\/a><\/p>\n<\/td>\n<\/tr>\n<\/tbody>\n<\/table>\n<p>&nbsp;<\/p>\n","protected":false},"excerpt":{"rendered":"<p>A circula\u00e7\u00e3o de carros el\u00e9tricos pode provocar um aumento das emiss\u00f5es de di\u00f3xido de carbono, a menos que estes ve\u00edculos sejam abastecidos com energia &#8220;verde&#8221;, refere um relat\u00f3rio divulgado esta segunda-feira pela Quercus. Mais&#8230; &nbsp;<\/p>\n","protected":false},"author":1,"featured_media":0,"comment_status":"closed","ping_status":"closed","sticky":false,"template":"","format":"standard","meta":{"footnotes":""},"categories":[15],"tags":[24,25,26,273,59],"class_list":["post-2424","post","type-post","status-publish","format-standard","hentry","category-tic-mais","tag-ambiente","tag-ecologia-e-desenvolvimento-sustentavel","tag-energias-renovaveis","tag-veiculos-amigos-do-ambiente","tag-veiculos-electricos"],"_links":{"self":[{"href":"https:\/\/www.ticmais.pt\/index.php?rest_route=\/wp\/v2\/posts\/2424","targetHints":{"allow":["GET"]}}],"collection":[{"href":"https:\/\/www.ticmais.pt\/index.php?rest_route=\/wp\/v2\/posts"}],"about":[{"href":"https:\/\/www.ticmais.pt\/index.php?rest_route=\/wp\/v2\/types\/post"}],"author":[{"embeddable":true,"href":"https:\/\/www.ticmais.pt\/index.php?rest_route=\/wp\/v2\/users\/1"}],"replies":[{"embeddable":true,"href":"https:\/\/www.ticmais.pt\/index.php?rest_route=%2Fwp%2Fv2%2Fcomments&post=2424"}],"version-history":[{"count":0,"href":"https:\/\/www.ticmais.pt\/index.php?rest_route=\/wp\/v2\/posts\/2424\/revisions"}],"wp:attachment":[{"href":"https:\/\/www.ticmais.pt\/index.php?rest_route=%2Fwp%2Fv2%2Fmedia&parent=2424"}],"wp:term":[{"taxonomy":"category","embeddable":true,"href":"https:\/\/www.ticmais.pt\/index.php?rest_route=%2Fwp%2Fv2%2Fcategories&post=2424"},{"taxonomy":"post_tag","embeddable":true,"href":"https:\/\/www.ticmais.pt\/index.php?rest_route=%2Fwp%2Fv2%2Ftags&post=2424"}],"curies":[{"name":"wp","href":"https:\/\/api.w.org\/{rel}","templated":true}]}}