{"id":2426,"date":"2010-02-08T14:02:36","date_gmt":"2010-02-08T13:02:36","guid":{"rendered":"http:\/\/www.ticmais.pt\/?p=2426"},"modified":"2010-02-08T14:02:36","modified_gmt":"2010-02-08T13:02:36","slug":"vodafone-e-optimus-interessadas-no-servico-universal-de-banda-larga","status":"publish","type":"post","link":"https:\/\/www.ticmais.pt\/?p=2426","title":{"rendered":"Vodafone e Optimus interessadas no servi\u00e7o universal de banda larga"},"content":{"rendered":"<table style=\"width: 100%;\" border=\"0\" cellspacing=\"5\" cellpadding=\"5\" align=\"justify\">\n<tbody>\n<tr>\n<td width=\"160\" valign=\"top\">\n<p><img decoding=\"async\" src=\"\/\/www.ticmais.pt\/ticmais\/imagens\/Vodafone%20e%20Optimus%20interessadas%20no%20servico%20universal%20de%20banda%20larga.jpg\" alt=\"\" \/><\/p>\n<\/td>\n<td valign=\"top\">\n<p>A Optimus e a Vodafone admitem estar interessadas em participar no concurso que h\u00e1-de alargar o servi\u00e7o universal de comunica\u00e7\u00f5es \u00e0 banda larga. Para j\u00e1 apenas a telefonia fixa tem esta condi\u00e7\u00e3o, assegurada pela PT, que mant\u00e9m com o Estado um contrato de concess\u00e3o de 25 anos, vigente at\u00e9 2025. <a href=\"http:\/\/tek.sapo.pt\/noticias\/telecomunicacoes\/vodafone_e_optimus_interessadas_no_servico_un_1045274.html\" target=\"_blank\">Mais&#8230;<\/a><\/p>\n<\/td>\n<\/tr>\n<\/tbody>\n<\/table>\n<p><br class=\"spacer_\" \/><\/p>\n","protected":false},"excerpt":{"rendered":"<p>A Optimus e a Vodafone admitem estar interessadas em participar no concurso que h\u00e1-de alargar o servi\u00e7o universal de comunica\u00e7\u00f5es \u00e0 banda larga. Para j\u00e1 apenas a telefonia fixa tem esta condi\u00e7\u00e3o, assegurada pela PT, que mant\u00e9m com o Estado um contrato de concess\u00e3o de 25 anos, vigente at\u00e9 2025. Mais&#8230;<\/p>\n","protected":false},"author":1,"featured_media":0,"comment_status":"closed","ping_status":"closed","sticky":false,"template":"","format":"standard","meta":{"footnotes":""},"categories":[15],"tags":[769,124,357,376,86,776,112],"class_list":["post-2426","post","type-post","status-publish","format-standard","hentry","category-tic-mais","tag-banda-larga","tag-fibra-optica","tag-optimus","tag-portugal-telecom","tag-redes","tag-servico-universal","tag-vodafone"],"_links":{"self":[{"href":"https:\/\/www.ticmais.pt\/index.php?rest_route=\/wp\/v2\/posts\/2426","targetHints":{"allow":["GET"]}}],"collection":[{"href":"https:\/\/www.ticmais.pt\/index.php?rest_route=\/wp\/v2\/posts"}],"about":[{"href":"https:\/\/www.ticmais.pt\/index.php?rest_route=\/wp\/v2\/types\/post"}],"author":[{"embeddable":true,"href":"https:\/\/www.ticmais.pt\/index.php?rest_route=\/wp\/v2\/users\/1"}],"replies":[{"embeddable":true,"href":"https:\/\/www.ticmais.pt\/index.php?rest_route=%2Fwp%2Fv2%2Fcomments&post=2426"}],"version-history":[{"count":0,"href":"https:\/\/www.ticmais.pt\/index.php?rest_route=\/wp\/v2\/posts\/2426\/revisions"}],"wp:attachment":[{"href":"https:\/\/www.ticmais.pt\/index.php?rest_route=%2Fwp%2Fv2%2Fmedia&parent=2426"}],"wp:term":[{"taxonomy":"category","embeddable":true,"href":"https:\/\/www.ticmais.pt\/index.php?rest_route=%2Fwp%2Fv2%2Fcategories&post=2426"},{"taxonomy":"post_tag","embeddable":true,"href":"https:\/\/www.ticmais.pt\/index.php?rest_route=%2Fwp%2Fv2%2Ftags&post=2426"}],"curies":[{"name":"wp","href":"https:\/\/api.w.org\/{rel}","templated":true}]}}