{"id":2433,"date":"2010-02-09T02:42:26","date_gmt":"2010-02-09T01:42:26","guid":{"rendered":"http:\/\/www.ticmais.pt\/?p=2433"},"modified":"2010-02-09T02:42:26","modified_gmt":"2010-02-09T01:42:26","slug":"carros-eletricos-e-disparate-o-aumento-das-emissoes-poluentes","status":"publish","type":"post","link":"https:\/\/www.ticmais.pt\/?p=2433","title":{"rendered":"Carros el\u00e9tricos: \u00c9 &#8220;disparate&#8221; o aumento das emiss\u00f5es poluentes"},"content":{"rendered":"<table style=\"width: 100%;\" border=\"0\" cellspacing=\"5\" cellpadding=\"5\" align=\"justify\">\n<tbody>\n<tr>\n<td width=\"160\" valign=\"top\">\n<p><img decoding=\"async\" src=\"\/\/www.ticmais.pt\/ticmais\/imagens\/Carros%20eletricos%20e%20disparate%20o%20aumento%20das%20emissoes%20poluentes.jpg\" alt=\"\" \/><\/p>\n<\/td>\n<td valign=\"top\">\n<p>O Instituto de Engenharia de Sistemas e Computadores (INESC) do Porto considerou hoje um &#8220;disparate&#8221; e um &#8220;absurdo completo&#8221; um estudo que defende que a circula\u00e7\u00e3o de autom\u00f3veis el\u00e9tricos aumenta a emiss\u00e3o de gases poluentes. <a href=\"http:\/\/www.ionline.pt\/conteudo\/45893-carros-eletricos-e-disparate-o-aumento-das-emissoes-poluentes\" target=\"_blank\">Mais&#8230;<\/a><\/p>\n<\/td>\n<\/tr>\n<\/tbody>\n<\/table>\n<p><br class=\"spacer_\" \/><\/p>\n","protected":false},"excerpt":{"rendered":"<p>O Instituto de Engenharia de Sistemas e Computadores (INESC) do Porto considerou hoje um &#8220;disparate&#8221; e um &#8220;absurdo completo&#8221; um estudo que defende que a circula\u00e7\u00e3o de autom\u00f3veis el\u00e9tricos aumenta a emiss\u00e3o de gases poluentes. Mais&#8230;<\/p>\n","protected":false},"author":1,"featured_media":0,"comment_status":"closed","ping_status":"closed","sticky":false,"template":"","format":"standard","meta":{"footnotes":""},"categories":[15],"tags":[24,454,785,786,59],"class_list":["post-2433","post","type-post","status-publish","format-standard","hentry","category-tic-mais","tag-ambiente","tag-co2","tag-inesc","tag-poluicao","tag-veiculos-electricos"],"_links":{"self":[{"href":"https:\/\/www.ticmais.pt\/index.php?rest_route=\/wp\/v2\/posts\/2433","targetHints":{"allow":["GET"]}}],"collection":[{"href":"https:\/\/www.ticmais.pt\/index.php?rest_route=\/wp\/v2\/posts"}],"about":[{"href":"https:\/\/www.ticmais.pt\/index.php?rest_route=\/wp\/v2\/types\/post"}],"author":[{"embeddable":true,"href":"https:\/\/www.ticmais.pt\/index.php?rest_route=\/wp\/v2\/users\/1"}],"replies":[{"embeddable":true,"href":"https:\/\/www.ticmais.pt\/index.php?rest_route=%2Fwp%2Fv2%2Fcomments&post=2433"}],"version-history":[{"count":0,"href":"https:\/\/www.ticmais.pt\/index.php?rest_route=\/wp\/v2\/posts\/2433\/revisions"}],"wp:attachment":[{"href":"https:\/\/www.ticmais.pt\/index.php?rest_route=%2Fwp%2Fv2%2Fmedia&parent=2433"}],"wp:term":[{"taxonomy":"category","embeddable":true,"href":"https:\/\/www.ticmais.pt\/index.php?rest_route=%2Fwp%2Fv2%2Fcategories&post=2433"},{"taxonomy":"post_tag","embeddable":true,"href":"https:\/\/www.ticmais.pt\/index.php?rest_route=%2Fwp%2Fv2%2Ftags&post=2433"}],"curies":[{"name":"wp","href":"https:\/\/api.w.org\/{rel}","templated":true}]}}