{"id":2457,"date":"2010-02-15T23:55:07","date_gmt":"2010-02-15T22:55:07","guid":{"rendered":"http:\/\/www.ticmais.pt\/?p=2457"},"modified":"2010-02-15T23:55:07","modified_gmt":"2010-02-15T22:55:07","slug":"mobile-world-congress-comeca-hoje-em-barcelona","status":"publish","type":"post","link":"https:\/\/www.ticmais.pt\/?p=2457","title":{"rendered":"Novidades do Mobile World Congress"},"content":{"rendered":"<table style=\"width: 100%;\" border=\"0\" cellspacing=\"5\" cellpadding=\"5\" align=\"justify\">\n<tbody>\n<tr>\n<td width=\"160\" valign=\"top\">\n<p><img decoding=\"async\" src=\"\/\/www.ticmais.pt\/ticmais\/imagens\/Novidades%20do%20Mobile%20World%20Congress.jpg\" alt=\"\" \/><\/p>\n<\/td>\n<td valign=\"top\">\n<p style=\"text-align: justify;\">Come\u00e7ou hoje a <a href=\"http:\/\/www.mobileworldcongress.com\/index.htm\" target=\"_blank\">quinta edi\u00e7\u00e3o do <em>Mobile World Congress<\/em><\/a> em Barcelona. O evento que decorre de 15 a 18 de Fevereiro, conta com a participa\u00e7\u00e3o de mais de 1300 empresas que v\u00e3o aproveitar os pr\u00f3ximos dias para apresentar as mais recentes novidades para o ramo das tecnologias m\u00f3veis. <a href=\"http:\/\/tek.sapo.pt\/extras\/montra\/montra_tek_novos_gadgets_desfilam_em_barcelon_1046843.html\" target=\"_blank\">Mais&#8230;<\/a><\/p>\n<\/td>\n<\/tr>\n<\/tbody>\n<\/table>\n<p><br class=\"spacer_\" \/><\/p>\n","protected":false},"excerpt":{"rendered":"<p>Come\u00e7ou hoje a quinta edi\u00e7\u00e3o do Mobile World Congress em Barcelona. O evento que decorre de 15 a 18 de Fevereiro, conta com a participa\u00e7\u00e3o de mais de 1300 empresas que v\u00e3o aproveitar os pr\u00f3ximos dias para apresentar as mais recentes novidades para o ramo das tecnologias m\u00f3veis. Mais&#8230;<\/p>\n","protected":false},"author":1,"featured_media":0,"comment_status":"closed","ping_status":"closed","sticky":false,"template":"","format":"standard","meta":{"footnotes":""},"categories":[15],"tags":[811,812,88],"class_list":["post-2457","post","type-post","status-publish","format-standard","hentry","category-tic-mais","tag-barcelona","tag-mobile-world-congress","tag-telemoveis"],"_links":{"self":[{"href":"https:\/\/www.ticmais.pt\/index.php?rest_route=\/wp\/v2\/posts\/2457","targetHints":{"allow":["GET"]}}],"collection":[{"href":"https:\/\/www.ticmais.pt\/index.php?rest_route=\/wp\/v2\/posts"}],"about":[{"href":"https:\/\/www.ticmais.pt\/index.php?rest_route=\/wp\/v2\/types\/post"}],"author":[{"embeddable":true,"href":"https:\/\/www.ticmais.pt\/index.php?rest_route=\/wp\/v2\/users\/1"}],"replies":[{"embeddable":true,"href":"https:\/\/www.ticmais.pt\/index.php?rest_route=%2Fwp%2Fv2%2Fcomments&post=2457"}],"version-history":[{"count":0,"href":"https:\/\/www.ticmais.pt\/index.php?rest_route=\/wp\/v2\/posts\/2457\/revisions"}],"wp:attachment":[{"href":"https:\/\/www.ticmais.pt\/index.php?rest_route=%2Fwp%2Fv2%2Fmedia&parent=2457"}],"wp:term":[{"taxonomy":"category","embeddable":true,"href":"https:\/\/www.ticmais.pt\/index.php?rest_route=%2Fwp%2Fv2%2Fcategories&post=2457"},{"taxonomy":"post_tag","embeddable":true,"href":"https:\/\/www.ticmais.pt\/index.php?rest_route=%2Fwp%2Fv2%2Ftags&post=2457"}],"curies":[{"name":"wp","href":"https:\/\/api.w.org\/{rel}","templated":true}]}}