{"id":2470,"date":"2010-02-18T15:52:17","date_gmt":"2010-02-18T14:52:17","guid":{"rendered":"http:\/\/www.ticmais.pt\/?p=2470"},"modified":"2010-02-18T15:52:17","modified_gmt":"2010-02-18T14:52:17","slug":"empresa-norte-americana-vai-lancar-em-portugal-tecnologia-de-carregamento-sem-fios","status":"publish","type":"post","link":"https:\/\/www.ticmais.pt\/?p=2470","title":{"rendered":"Empresa norte-americana vai lan\u00e7ar em Portugal tecnologia de carregamento sem fios"},"content":{"rendered":"<table style=\"width: 100%;\" border=\"0\" cellspacing=\"5\" cellpadding=\"5\" align=\"justify\">\n<tbody>\n<tr>\n<td width=\"160\" valign=\"top\">\n<p><img decoding=\"async\" src=\"\/\/www.ticmais.pt\/ticmais\/imagens\/Empresa%20norte%20americana%20vai%20lancar%20em%20Portugal%20tecnologia%20de%20carregamento%20sem%20fios%20.jpg\" alt=\"\" \/><\/p>\n<\/td>\n<td valign=\"top\">\n<p style=\"text-align: justify;\">O princ\u00edpio f\u00edsico chama-se indu\u00e7\u00e3o magn\u00e9tica: o carregamento de qualquer tipo de telem\u00f3vel, iPod, m\u00e1quina fotogr\u00e1fica ou port\u00e1til ao mesmo tempo, sem fios e sem v\u00e1rios carregadores em simult\u00e2neo. <a href=\"http:\/\/www.publico.pt\/Tecnologia\/empresa-norteamericana-vai-lancar-em-portugal-tecnologia-de-carregamento-sem-fios_1423291\" target=\"_blank\">Mais&#8230;<\/a>\u00a0<\/p>\n<p style=\"text-align: justify;\"><a href=\"http:\/\/www.youtube.com\/watch?v=pkDPzjYqe7M\" target=\"_blank\"><img decoding=\"async\" src=\"\/\/www.ticmais.pt\/ticmais\/imagens\/Ver%20Video%201.PNG\" alt=\"\" \/><\/a><\/p>\n<\/td>\n<\/tr>\n<\/tbody>\n<\/table>\n<p><br class=\"spacer_\" \/><\/p>\n","protected":false},"excerpt":{"rendered":"<p>O princ\u00edpio f\u00edsico chama-se indu\u00e7\u00e3o magn\u00e9tica: o carregamento de qualquer tipo de telem\u00f3vel, iPod, m\u00e1quina fotogr\u00e1fica ou port\u00e1til ao mesmo tempo, sem fios e sem v\u00e1rios carregadores em simult\u00e2neo. Mais&#8230;\u00a0<\/p>\n","protected":false},"author":1,"featured_media":0,"comment_status":"closed","ping_status":"closed","sticky":false,"template":"","format":"standard","meta":{"footnotes":""},"categories":[15],"tags":[332,820],"class_list":["post-2470","post","type-post","status-publish","format-standard","hentry","category-tic-mais","tag-carregadores","tag-sem-fios"],"_links":{"self":[{"href":"https:\/\/www.ticmais.pt\/index.php?rest_route=\/wp\/v2\/posts\/2470","targetHints":{"allow":["GET"]}}],"collection":[{"href":"https:\/\/www.ticmais.pt\/index.php?rest_route=\/wp\/v2\/posts"}],"about":[{"href":"https:\/\/www.ticmais.pt\/index.php?rest_route=\/wp\/v2\/types\/post"}],"author":[{"embeddable":true,"href":"https:\/\/www.ticmais.pt\/index.php?rest_route=\/wp\/v2\/users\/1"}],"replies":[{"embeddable":true,"href":"https:\/\/www.ticmais.pt\/index.php?rest_route=%2Fwp%2Fv2%2Fcomments&post=2470"}],"version-history":[{"count":0,"href":"https:\/\/www.ticmais.pt\/index.php?rest_route=\/wp\/v2\/posts\/2470\/revisions"}],"wp:attachment":[{"href":"https:\/\/www.ticmais.pt\/index.php?rest_route=%2Fwp%2Fv2%2Fmedia&parent=2470"}],"wp:term":[{"taxonomy":"category","embeddable":true,"href":"https:\/\/www.ticmais.pt\/index.php?rest_route=%2Fwp%2Fv2%2Fcategories&post=2470"},{"taxonomy":"post_tag","embeddable":true,"href":"https:\/\/www.ticmais.pt\/index.php?rest_route=%2Fwp%2Fv2%2Ftags&post=2470"}],"curies":[{"name":"wp","href":"https:\/\/api.w.org\/{rel}","templated":true}]}}