{"id":2488,"date":"2010-02-24T23:46:09","date_gmt":"2010-02-24T22:46:09","guid":{"rendered":"http:\/\/www.ticmais.pt\/?p=2488"},"modified":"2010-02-24T23:46:09","modified_gmt":"2010-02-24T22:46:09","slug":"ftth-conference-europa-continua-a-perder-terreno-na-fibra","status":"publish","type":"post","link":"https:\/\/www.ticmais.pt\/?p=2488","title":{"rendered":"FTTH Conference: Europa continua a perder terreno na fibra"},"content":{"rendered":"<table style=\"width: 100%;\" border=\"0\" cellspacing=\"5\" cellpadding=\"5\" align=\"justify\">\n<tbody>\n<tr>\n<td width=\"160\" valign=\"top\">\n<p><img decoding=\"async\" src=\"\/\/www.ticmais.pt\/ticmais\/imagens\/FTTH%20Conference%20Europa%20continua%20a%20perder%20terreno%20na%20fibra.jpg\" alt=\"\" \/><\/p>\n<\/td>\n<td valign=\"top\">\n<p style=\"text-align: justify;\">Os n\u00fameros globais s\u00f3 ser\u00e3o revelados amanh\u00e3, mas o FTTH Council Europe adiantou j\u00e1 hoje alguns dados que permitem perceber que a Europa continua atrasada em rela\u00e7\u00e3o \u00e0 adop\u00e7\u00e3o da fibra \u00f3ptica face aos Estados Unidos e \u00e0 regi\u00e3o da \u00c1sia\/Pac\u00edfico. Com 2,5 milh\u00f5es de utilizadores &#8211; 3,5 milh\u00f5es se foram considerados os n\u00fameros da R\u00fassia &#8211; a regi\u00e3o continua muito longe dos 38 milh\u00f5es de assinantes na \u00c1sia e dos 7,6 milh\u00f5es na Am\u00e9rica. <a href=\"http:\/\/tek.sapo.pt\/noticias\/telecomunicacoes\/ftth_conference_europa_continua_a_perder_terr_1048456.html\" target=\"_blank\">Mais&#8230;<\/a>\u00a0<\/p>\n<\/td>\n<\/tr>\n<\/tbody>\n<\/table>\n<p><br class=\"spacer_\" \/><\/p>\n","protected":false},"excerpt":{"rendered":"<p>Os n\u00fameros globais s\u00f3 ser\u00e3o revelados amanh\u00e3, mas o FTTH Council Europe adiantou j\u00e1 hoje alguns dados que permitem perceber que a Europa continua atrasada em rela\u00e7\u00e3o \u00e0 adop\u00e7\u00e3o da fibra \u00f3ptica face aos Estados Unidos e \u00e0 regi\u00e3o da \u00c1sia\/Pac\u00edfico. Com 2,5 milh\u00f5es de utilizadores &#8211; 3,5 milh\u00f5es se foram considerados os n\u00fameros da [&hellip;]<\/p>\n","protected":false},"author":1,"featured_media":0,"comment_status":"closed","ping_status":"closed","sticky":false,"template":"","format":"standard","meta":{"footnotes":""},"categories":[15],"tags":[124,829,86],"class_list":["post-2488","post","type-post","status-publish","format-standard","hentry","category-tic-mais","tag-fibra-optica","tag-ftth","tag-redes"],"_links":{"self":[{"href":"https:\/\/www.ticmais.pt\/index.php?rest_route=\/wp\/v2\/posts\/2488","targetHints":{"allow":["GET"]}}],"collection":[{"href":"https:\/\/www.ticmais.pt\/index.php?rest_route=\/wp\/v2\/posts"}],"about":[{"href":"https:\/\/www.ticmais.pt\/index.php?rest_route=\/wp\/v2\/types\/post"}],"author":[{"embeddable":true,"href":"https:\/\/www.ticmais.pt\/index.php?rest_route=\/wp\/v2\/users\/1"}],"replies":[{"embeddable":true,"href":"https:\/\/www.ticmais.pt\/index.php?rest_route=%2Fwp%2Fv2%2Fcomments&post=2488"}],"version-history":[{"count":0,"href":"https:\/\/www.ticmais.pt\/index.php?rest_route=\/wp\/v2\/posts\/2488\/revisions"}],"wp:attachment":[{"href":"https:\/\/www.ticmais.pt\/index.php?rest_route=%2Fwp%2Fv2%2Fmedia&parent=2488"}],"wp:term":[{"taxonomy":"category","embeddable":true,"href":"https:\/\/www.ticmais.pt\/index.php?rest_route=%2Fwp%2Fv2%2Fcategories&post=2488"},{"taxonomy":"post_tag","embeddable":true,"href":"https:\/\/www.ticmais.pt\/index.php?rest_route=%2Fwp%2Fv2%2Ftags&post=2488"}],"curies":[{"name":"wp","href":"https:\/\/api.w.org\/{rel}","templated":true}]}}