{"id":2493,"date":"2010-02-26T02:44:57","date_gmt":"2010-02-26T01:44:57","guid":{"rendered":"http:\/\/www.ticmais.pt\/?p=2493"},"modified":"2010-02-26T02:44:57","modified_gmt":"2010-02-26T01:44:57","slug":"alemanha-apresentado-o-maior-navio-solar-do-mundo","status":"publish","type":"post","link":"https:\/\/www.ticmais.pt\/?p=2493","title":{"rendered":"Alemanha: Apresentado o maior navio &#8220;solar&#8221; do mundo"},"content":{"rendered":"<table style=\"width: 100%;\" border=\"0\" cellspacing=\"5\" cellpadding=\"5\" align=\"justify\">\n<tbody>\n<tr>\n<td width=\"160\" valign=\"top\">\n<p><img decoding=\"async\" src=\"\/\/www.ticmais.pt\/ticmais\/imagens\/Alemanha%20Apresentado%20o%20maior%20navio%20solar%20do%20mundo.jpg\" alt=\"\" \/><\/p>\n<\/td>\n<td valign=\"top\">\n<p style=\"text-align: justify;\">O maior navio &#8220;solar&#8221; do mundo, segundo os seus construtores, foi apresentado esta quinta-feira em Kiel, norte da Alemanha. A embarca\u00e7\u00e3o far\u00e1 uma viagem pela Europa este ano e a volta ao mundo, em 2011. <a href=\"http:\/\/noticias.sapo.pt\/info\/artigo\/1048621.html\" target=\"_blank\">Mais&#8230;<\/a><\/p>\n<\/td>\n<\/tr>\n<\/tbody>\n<\/table>\n<p><br class=\"spacer_\" \/><\/p>\n","protected":false},"excerpt":{"rendered":"<p>O maior navio &#8220;solar&#8221; do mundo, segundo os seus construtores, foi apresentado esta quinta-feira em Kiel, norte da Alemanha. A embarca\u00e7\u00e3o far\u00e1 uma viagem pela Europa este ano e a volta ao mundo, em 2011. Mais&#8230;<\/p>\n","protected":false},"author":1,"featured_media":0,"comment_status":"closed","ping_status":"closed","sticky":false,"template":"","format":"standard","meta":{"footnotes":""},"categories":[15],"tags":[38,834],"class_list":["post-2493","post","type-post","status-publish","format-standard","hentry","category-tic-mais","tag-energia-solar","tag-navios"],"_links":{"self":[{"href":"https:\/\/www.ticmais.pt\/index.php?rest_route=\/wp\/v2\/posts\/2493","targetHints":{"allow":["GET"]}}],"collection":[{"href":"https:\/\/www.ticmais.pt\/index.php?rest_route=\/wp\/v2\/posts"}],"about":[{"href":"https:\/\/www.ticmais.pt\/index.php?rest_route=\/wp\/v2\/types\/post"}],"author":[{"embeddable":true,"href":"https:\/\/www.ticmais.pt\/index.php?rest_route=\/wp\/v2\/users\/1"}],"replies":[{"embeddable":true,"href":"https:\/\/www.ticmais.pt\/index.php?rest_route=%2Fwp%2Fv2%2Fcomments&post=2493"}],"version-history":[{"count":0,"href":"https:\/\/www.ticmais.pt\/index.php?rest_route=\/wp\/v2\/posts\/2493\/revisions"}],"wp:attachment":[{"href":"https:\/\/www.ticmais.pt\/index.php?rest_route=%2Fwp%2Fv2%2Fmedia&parent=2493"}],"wp:term":[{"taxonomy":"category","embeddable":true,"href":"https:\/\/www.ticmais.pt\/index.php?rest_route=%2Fwp%2Fv2%2Fcategories&post=2493"},{"taxonomy":"post_tag","embeddable":true,"href":"https:\/\/www.ticmais.pt\/index.php?rest_route=%2Fwp%2Fv2%2Ftags&post=2493"}],"curies":[{"name":"wp","href":"https:\/\/api.w.org\/{rel}","templated":true}]}}